{"id":154127,"date":"2023-05-08T10:07:54","date_gmt":"2023-05-08T08:07:54","guid":{"rendered":"https:\/\/www.messinaoggi.it\/website\/2023\/05\/08\/infantino-insulto-a-vlahovic-inaccettabile-pene-severe\/"},"modified":"2023-05-08T10:13:09","modified_gmt":"2023-05-08T08:13:09","slug":"infantino-insulto-a-vlahovic-inaccettabile-pene-severe","status":"publish","type":"post","link":"https:\/\/www.messinaoggi.it\/website\/2023\/05\/08\/infantino-insulto-a-vlahovic-inaccettabile-pene-severe\/","title":{"rendered":"Infantino \u201cInsulto a Vlahovic inaccettabile, pene severe\u201d"},"content":{"rendered":"<div>ROMA (ITALPRESS) &#8211; &#8220;Nel calcio non c&#8217;\u00e8 posto per il razzismo o qualsiasi altra forma di discriminazione&#8221;. Lo scrive, in un messaggio affidato ad Instagram, il presidente della Fifa Gianni Infantino. &#8220;E&#8217; assolutamente inaccettabile l&#8217;insulto razzista rivolto ieri dai tifosi nei confronti di Dusan Vlahovic, attaccante della Juventus, durante la partita di Serie A contro l&#8217;Atalanta &#8211; prosegue il numero uno della federazione internazionale, facendo cos\u00ec riferimento al coro &#8220;sei uno zingaro&#8221; intonato a fine gara da alcuni tifosi orobici verso la punta serba &#8211; La Fifa ed io siamo al fianco di Dusan Vlahovic e chiedo alle autorit\u00e0 competenti di garantire l&#8217;applicazione di sanzioni severe per contrastare tali episodi e fungere da deterrente&#8221;. &#8220;La Fifa ed io siamo al fianco di Dusan Vlahovic, cos\u00ec come di qualsiasi altro giocatore, allenatore, ufficiale di gara, tifoso o partecipante a una partita di calcio che abbia subito episodi di razzismo o di qualsiasi altra forma di discriminazione. Le vittime di questi abusi devono essere sostenute e i responsabili debitamente puniti dalle autorit\u00e0 a ogni livello. Ribadisco inoltre l&#8217;appello che ho gi\u00e0 lanciato pi\u00f9 volte in passato, affinch\u00e8 i tifosi prendano posizione e mettano a tacere i razzisti. Una volta per tutte: no al razzismo, no a qualsiasi forma di discriminazione&#8221;, conclude Infantino.<br \/>&#8211; Foto Image &#8211;<br \/>(ITALPRESS).<\/div>\n<div id=\"div-gpt-ad-Messinaoggi.it-DSK-300x250-corpoart\" style=\"text-align:center;margin:0 auto;\"><\/div><\/p><div id=\"videoincontent\" style=\"clear:both\";><\/div>","protected":false},"excerpt":{"rendered":"<p>ROMA (ITALPRESS) &#8211; &#8220;Nel calcio non c&#8217;\u00e8 posto per il razzismo o qualsiasi altra forma di discriminazione&#8221;. Lo scrive, in un messaggio affidato ad Instagram, il presidente della Fifa Gianni Infantino. &#8220;E&#8217; assolutamente inaccettabile l&#8217;insulto razzista rivolto ieri dai tifosi nei confronti di Dusan Vlahovic, attaccante della Juventus, durante la partita di Serie A contro [&hellip;]<\/p>\n","protected":false},"author":18,"featured_media":154128,"comment_status":"closed","ping_status":"closed","sticky":false,"template":"","format":"standard","meta":{"ub_ctt_via":"","_mi_skip_tracking":false},"categories":[10,446,9],"tags":[783],"featured_image_src":"https:\/\/www.messinaoggi.it\/website\/wp-content\/uploads\/2023\/05\/20230508_0185.jpg","author_info":{"display_name":"Admin","author_link":"https:\/\/www.messinaoggi.it\/website\/author\/admin\/"},"digistream_id":0,"digistream":false,"_links":{"self":[{"href":"https:\/\/www.messinaoggi.it\/website\/wp-json\/wp\/v2\/posts\/154127"}],"collection":[{"href":"https:\/\/www.messinaoggi.it\/website\/wp-json\/wp\/v2\/posts"}],"about":[{"href":"https:\/\/www.messinaoggi.it\/website\/wp-json\/wp\/v2\/types\/post"}],"author":[{"embeddable":true,"href":"https:\/\/www.messinaoggi.it\/website\/wp-json\/wp\/v2\/users\/18"}],"replies":[{"embeddable":true,"href":"https:\/\/www.messinaoggi.it\/website\/wp-json\/wp\/v2\/comments?post=154127"}],"version-history":[{"count":1,"href":"https:\/\/www.messinaoggi.it\/website\/wp-json\/wp\/v2\/posts\/154127\/revisions"}],"predecessor-version":[{"id":154132,"href":"https:\/\/www.messinaoggi.it\/website\/wp-json\/wp\/v2\/posts\/154127\/revisions\/154132"}],"wp:featuredmedia":[{"embeddable":true,"href":"https:\/\/www.messinaoggi.it\/website\/wp-json\/wp\/v2\/media\/154128"}],"wp:attachment":[{"href":"https:\/\/www.messinaoggi.it\/website\/wp-json\/wp\/v2\/media?parent=154127"}],"wp:term":[{"taxonomy":"category","embeddable":true,"href":"https:\/\/www.messinaoggi.it\/website\/wp-json\/wp\/v2\/categories?post=154127"},{"taxonomy":"post_tag","embeddable":true,"href":"https:\/\/www.messinaoggi.it\/website\/wp-json\/wp\/v2\/tags?post=154127"}],"curies":[{"name":"wp","href":"https:\/\/api.w.org\/{rel}","templated":true}]}}