{"id":154118,"date":"2023-05-08T09:45:16","date_gmt":"2023-05-08T07:45:16","guid":{"rendered":"http:\/\/www.messinaoggi.it\/website\/?p=154118"},"modified":"2023-05-08T09:45:17","modified_gmt":"2023-05-08T07:45:17","slug":"bicincitta-grande-risposta-dei-messinesi","status":"publish","type":"post","link":"https:\/\/www.messinaoggi.it\/website\/2023\/05\/08\/bicincitta-grande-risposta-dei-messinesi\/","title":{"rendered":"Bicincitt\u00e0: grande risposta dei messinesi"},"content":{"rendered":"\n<p>Anche quest&#8217;anno i messinesi hanno risposto con entusiasmo partecipando in massa all&#8217;edizione 2023 di Bicincitt\u00e0. Per la Uisp \u00e8 certamente un motivo di orgoglio, ma pi\u00f9 che gongolare per la grande partecipazione alla nostra manifestazione vorremmo approfittare di questa occasione per ribadire ancora una volta che questa citt\u00e0 deve innalzare il livello della qualit\u00e0 della vita e puntare sulla mobilit\u00e0 dolce 365 giorni l&#8217;anno&#8221;.\u00a0 A dirlo \u00e8 il presidente della Uisp Messina Santino Cannav\u00f2, al termine del corteo ciclistico a cui questa mattina hanno preso parte centinaia di messinesi.\u00a0Approfittando della soleggiata e calda domenica di inizio Maggio, tantissimi gli adulti e i bambini che\u00a0 hanno percorso le principali vie di Messina in sella ad una bici, con la possibilit\u00e0 di scegliere tra i due diversi percorsi studiati dagli organizzatori, uno pi\u00f9 corto di 4 km e l&#8217;altro pi\u00f9 lungo di 18 km.\u00a0<div id=\"div-gpt-ad-Messinaoggi.it-DSK-300x250-corpoart\" style=\"text-align:center;margin:0 auto;\"><\/div><\/p>\n\n\n\n<figure class=\"wp-block-image size-large is-resized\"><img loading=\"lazy\" src=\"http:\/\/www.messinaoggi.it\/website\/wp-content\/uploads\/2023\/05\/ajaxmail-1-1.jpg\" alt=\"\" class=\"wp-image-154119\" width=\"572\" height=\"429\"\/><figcaption><strong><em>Anche Basile e Finochhiaro presenti all&#8217;evento<\/em><\/strong><\/figcaption><\/figure>\n\n\n\n<p>&#8220;I messinesi &#8211; afferma il presidente Cannav\u00f2 &#8211; hanno dimostrato ancora una volta di apprezzare l&#8217;uso della bicicletta e questo ci deve far riflettere sul fatto che c&#8217;\u00e8 una gran voglia di riappropriarsi della propria citt\u00e0 e viverla senza auto, senza smog e senza rumori&#8221;.\u00a0Mi auguro &#8211; continua Cannav\u00f2 &#8211; che l&#8217;amministrazione Basile colga questi segnali che vengono dai cittadini e dia presto vita ad un modello di citt\u00e0 non pi\u00f9 autocentrica ma che promuova in maniera convinta e capillare la mobilit\u00e0 sostenibile&#8221;.E il sindaco Basile, questa mattina, ha presenziato alla manifestazione organizzata da Uisp Messina, aprendo il corteo ciclistico. La sua presenza \u00e8 stata un&#8217;occasione per parlare della riapertura alle auto del Viale San Martino nei giorni feriali.\u00a0&#8220;Purtroppo &#8211; commenta Cannav\u00f2 &#8211; la revoca dell&#8217;isola pedonale sul viale San Martino \u00e8 una scelta che va in controtendenza con le richieste della maggior parte dei cittadini e la trovo personalmente irragionevole. In tutto il mondo, e anche alle\u00a0 nostre latitudini, il modo di vivere le citt\u00e0 e gli i spazi comuni \u00e8 profondamente cambiato e Messina non pu\u00f2 non adeguarsi. Le aree pedonali, le piste ciclabili, cos\u00ec come l&#8217;individuazione di arterie principali in cui imporre il limite di velocit\u00e0 di 10 km orari\u00a0 per favorire il contemporaneo passaggio di bici e monopattini sono oggi indispensabili per migliorare la qualit\u00e0 della vita&#8221;.&#8221;Fino a quando Messina non capir\u00e0 questo e fino a quando non si adotteranno provvedimenti consequenziali , Bicincitt\u00e0 non raggiunger\u00e0 a pieno il suo vero obiettivo, vale a dire restituire spazi di citt\u00e0 ai cittadini. Per la Uisp &#8211; conclude Cannav\u00f2 &#8211; Bicincitt\u00e0 non \u00e8 un evento sportivo annuale, ma un nuovo modo di pensare alla mobilit\u00e0 cittadina&#8221;.Dal canto suo, il sindaco Basile ha ribadito che la sua amministrazione ha in cantiere una serie di progetti volti a favorire la mobilit\u00e0 sostenibile in modalit\u00e0 permanente: &#8220;Sono sindaco e devo ascoltare tutti, ma non c&#8217;\u00e8 alcuna intenzione di tornare indietro su isole pedonali e piste ciclabili.\u00a0 La nostra prospettiva \u00e8 di cinque anni e stiamo lavorando per un reale cambiamento culturale in tema di mobilit\u00e0&#8221;.Davanti alle persone presenti a Piazza Duomo, tra il presidente di Uisp Messina ed il primo cittadino \u00e8 stato inoltre pubblicamente siglato il &#8220;patto di Bicincitt\u00e0&#8221;: Basile ha chiesto a Cannav\u00f2 di portare avanti insieme ad Atm Spa un progetto nelle scuole cittadine per\u00a0 promuovere l&#8217;utilizzo del trasporto pubblico e di mezzi ecologici, come le bici.&#8221;Sulle scuole &#8211; ha detto il presidente Uisp rivolgendosi al sindaco &#8211; con me sfondi una porta aperta, perch\u00e9 \u00e8 proprio da l\u00ec che bisogna partire per diffondere una cultura ecologista e ambientalista, che \u00e8 poi la missione di tutte le iniziative proposte dalla nostra organizzazione&#8221;.<div id=\"videoincontent\" style=\"clear:both\";><\/div><\/p>\n","protected":false},"excerpt":{"rendered":"<p>Anche quest&#8217;anno i messinesi hanno risposto con entusiasmo partecipando in massa all&#8217;edizione 2023 di Bicincitt\u00e0. Per la Uisp \u00e8 certamente un motivo di orgoglio, ma pi\u00f9 che gongolare per la grande partecipazione alla nostra manifestazione vorremmo approfittare di questa occasione per ribadire ancora una volta che questa citt\u00e0 deve innalzare il livello della qualit\u00e0 della [&hellip;]<\/p>\n","protected":false},"author":2,"featured_media":154120,"comment_status":"open","ping_status":"open","sticky":false,"template":"","format":"standard","meta":{"ub_ctt_via":"","_mi_skip_tracking":false},"categories":[8,9],"tags":[4479,7764,5587],"featured_image_src":"https:\/\/www.messinaoggi.it\/website\/wp-content\/uploads\/2023\/05\/ajaxmail-2.jpg","author_info":{"display_name":"Redazione","author_link":"https:\/\/www.messinaoggi.it\/website\/author\/redazione\/"},"digistream_id":0,"digistream":false,"_links":{"self":[{"href":"https:\/\/www.messinaoggi.it\/website\/wp-json\/wp\/v2\/posts\/154118"}],"collection":[{"href":"https:\/\/www.messinaoggi.it\/website\/wp-json\/wp\/v2\/posts"}],"about":[{"href":"https:\/\/www.messinaoggi.it\/website\/wp-json\/wp\/v2\/types\/post"}],"author":[{"embeddable":true,"href":"https:\/\/www.messinaoggi.it\/website\/wp-json\/wp\/v2\/users\/2"}],"replies":[{"embeddable":true,"href":"https:\/\/www.messinaoggi.it\/website\/wp-json\/wp\/v2\/comments?post=154118"}],"version-history":[{"count":1,"href":"https:\/\/www.messinaoggi.it\/website\/wp-json\/wp\/v2\/posts\/154118\/revisions"}],"predecessor-version":[{"id":154121,"href":"https:\/\/www.messinaoggi.it\/website\/wp-json\/wp\/v2\/posts\/154118\/revisions\/154121"}],"wp:featuredmedia":[{"embeddable":true,"href":"https:\/\/www.messinaoggi.it\/website\/wp-json\/wp\/v2\/media\/154120"}],"wp:attachment":[{"href":"https:\/\/www.messinaoggi.it\/website\/wp-json\/wp\/v2\/media?parent=154118"}],"wp:term":[{"taxonomy":"category","embeddable":true,"href":"https:\/\/www.messinaoggi.it\/website\/wp-json\/wp\/v2\/categories?post=154118"},{"taxonomy":"post_tag","embeddable":true,"href":"https:\/\/www.messinaoggi.it\/website\/wp-json\/wp\/v2\/tags?post=154118"}],"curies":[{"name":"wp","href":"https:\/\/api.w.org\/{rel}","templated":true}]}}