{"id":154021,"date":"2023-05-07T09:07:55","date_gmt":"2023-05-07T07:07:55","guid":{"rendered":"https:\/\/www.messinaoggi.it\/website\/2023\/05\/07\/covid-zaia-serve-una-pacificazione-sociale\/"},"modified":"2023-05-07T09:07:55","modified_gmt":"2023-05-07T07:07:55","slug":"covid-zaia-serve-una-pacificazione-sociale","status":"publish","type":"post","link":"https:\/\/www.messinaoggi.it\/website\/2023\/05\/07\/covid-zaia-serve-una-pacificazione-sociale\/","title":{"rendered":"Covid, Zaia \u201cServe una pacificazione sociale\u201d"},"content":{"rendered":"<div>VENEZIA (ITALPRESS) &#8211; &#8220;E&#8217; finito il Covid. Non il post Covid&#8221;. Cos\u00ec in un&#8217;intervista al Corriere della Sera, poche ore dopo che l&#8217;Oms ha dichiarato conclusa la pandemia, il governatore del Veneto, Luca Zaia, secondo cui &#8220;dobbiamo ancora ritrovare la pacificazione sociale&#8221;.<br \/>&#8220;I toni aggressivi &#8211; sottolinea &#8211; non accennano ad abbassarsi. Si continua a far credere che i morti siano morti per l&#8217;incapacit\u00e0 di qualcuno, magari dei decisori politici e che c&#8217;era chi aveva capito tutto, ma non \u00e8 stato ascoltato. Mi viene in mente quel video su internet: il centro di Tokyo, Sidney, New York e altre Capitali. Tutte le citt\u00e0 del mondo deserte. E 20 milioni di morti. Mi colpisce che di questo non si voglia prendere atto. Mi colpisce questa rimozione&#8221;. &#8220;Attenzione &#8211; aggiunge -, io credo che la storia del Covid debba essere la pi\u00f9 trasparente possibile. E rispettosa nei confronti di tutti: operatori, ammalati, familiari degli scomparsi. Di pi\u00f9: sono convinto che sia indispensabile un approfondimento sia sul cosiddetto &#8216;long Covid&#8217; che su eventuali reazioni avverse ai vaccini. Per contro, non \u00e8 che se una persona muore d&#8217;infarto la colpa \u00e8 d&#8217;ufficio del vaccino&#8221;. &#8220;Non possiamo nemmeno pensare che tutto questo passi dai tribunali &#8211; prosegue Zaia -. Il tribunale deve perseguire i reati, certo. Ma non giudicare sulle scelte degli amministratori&#8221;.<br \/>&#8220;Tenga conto &#8211; spiega Zaia &#8211; che io sono tra quelli che si sono battuti perch\u00e8 i vaccini non diventassero obbligatori. Detto questo, qui ci nascondiamo il punto. Noi ci siamo trovati a mani nude, con indicazioni contrastanti, in una situazione senza riferimenti. Non avevamo le istruzioni per l&#8217;uso. Basti pensare &#8211; ma lo dimentichiamo &#8211; che si diceva che la mascherina non serviva a nulla. Io sono stato contestato perch\u00e8 avevo disposto 3.500 tamponi a V\u00f2 Euganeo, quando non erano previsti tamponi per gli asintomatici. Peccato che abbiamo trovato un&#8217;ottantina di positivi. Ma io non so se tutto questo ci ha insegnato qualcosa&#8221;. &#8220;Io, come tutti &#8211; ricorda Zaia -, mi sono ritrovato senza mascherine e senza camici. Tenga conto che prima del Covid l&#8217;azienda universitaria di Padova consumava 950 camici usa e getta al mese. Sotto Covid, siamo arrivati a 4.500 al giorno. Al giorno! Ora, mi chiedo: se avessi fatto una scorta di camici abbondante, che cosa mi sarei sentito dire? Il Paese deve comprendere anche le scelte strategiche. Perch\u00e8 a forza di danni erariali e di azioni di responsabilit\u00e0 si rischia davvero di rendere l&#8217;amministrazione un atto notarile&#8230;&#8221;.<br \/>Adesso l&#8217;epidemia \u00e8 finita, ma nei luoghi della sanit\u00e0 la mascherina si continuer\u00e0 a portare, &#8220;certo &#8211; dice Zaia -. Non per il Covid, semmai per un insegnamento del Covid: anche un raffreddore, se una persona \u00e8 fragile, non \u00e8 una passeggiata. Ma in un ospedale, non \u00e8 che ci siano soltanto i sani. Eppure, c&#8217;\u00e8 gente che ha da ridire anche su questo. C&#8217;\u00e8 chi dice che ricorda il Covid. Io dico che il Covid non ce lo dobbiamo dimenticare mai. I dubbiosi vadano a rivedersi quando nella civilissima New York si scavavano le fosse comuni&#8221;. &#8220;Le sfide saranno rappresentate da nuovi virus, infezioni ospedaliere, resistenza agli antibiotici. Abbiamo due opzioni: nascondere la testa sotto la sabbia o guardare in faccia alla realt\u00e0. Ora, non abbiamo pi\u00f9 alibi&#8221;, conclude il Governatore.<br \/>credit photo agenziafotogramma.it<br \/>(ITALPRESS).<\/div>\n<div id=\"div-gpt-ad-Messinaoggi.it-DSK-300x250-corpoart\" style=\"text-align:center;margin:0 auto;\"><\/div><\/p><div id=\"videoincontent\" style=\"clear:both\";><\/div>","protected":false},"excerpt":{"rendered":"<p>VENEZIA (ITALPRESS) &#8211; &#8220;E&#8217; finito il Covid. Non il post Covid&#8221;. Cos\u00ec in un&#8217;intervista al Corriere della Sera, poche ore dopo che l&#8217;Oms ha dichiarato conclusa la pandemia, il governatore del Veneto, Luca Zaia, secondo cui &#8220;dobbiamo ancora ritrovare la pacificazione sociale&#8221;.&#8220;I toni aggressivi &#8211; sottolinea &#8211; non accennano ad abbassarsi. Si continua a far [&hellip;]<\/p>\n","protected":false},"author":18,"featured_media":154022,"comment_status":"closed","ping_status":"closed","sticky":false,"template":"","format":"standard","meta":{"ub_ctt_via":"","_mi_skip_tracking":false},"categories":[446],"tags":[783],"featured_image_src":"https:\/\/www.messinaoggi.it\/website\/wp-content\/uploads\/2023\/05\/20230507_0080.jpg","author_info":{"display_name":"Admin","author_link":"https:\/\/www.messinaoggi.it\/website\/author\/admin\/"},"digistream_id":0,"digistream":false,"_links":{"self":[{"href":"https:\/\/www.messinaoggi.it\/website\/wp-json\/wp\/v2\/posts\/154021"}],"collection":[{"href":"https:\/\/www.messinaoggi.it\/website\/wp-json\/wp\/v2\/posts"}],"about":[{"href":"https:\/\/www.messinaoggi.it\/website\/wp-json\/wp\/v2\/types\/post"}],"author":[{"embeddable":true,"href":"https:\/\/www.messinaoggi.it\/website\/wp-json\/wp\/v2\/users\/18"}],"replies":[{"embeddable":true,"href":"https:\/\/www.messinaoggi.it\/website\/wp-json\/wp\/v2\/comments?post=154021"}],"version-history":[{"count":0,"href":"https:\/\/www.messinaoggi.it\/website\/wp-json\/wp\/v2\/posts\/154021\/revisions"}],"wp:featuredmedia":[{"embeddable":true,"href":"https:\/\/www.messinaoggi.it\/website\/wp-json\/wp\/v2\/media\/154022"}],"wp:attachment":[{"href":"https:\/\/www.messinaoggi.it\/website\/wp-json\/wp\/v2\/media?parent=154021"}],"wp:term":[{"taxonomy":"category","embeddable":true,"href":"https:\/\/www.messinaoggi.it\/website\/wp-json\/wp\/v2\/categories?post=154021"},{"taxonomy":"post_tag","embeddable":true,"href":"https:\/\/www.messinaoggi.it\/website\/wp-json\/wp\/v2\/tags?post=154021"}],"curies":[{"name":"wp","href":"https:\/\/api.w.org\/{rel}","templated":true}]}}