{"id":153992,"date":"2023-05-06T16:07:55","date_gmt":"2023-05-06T14:07:55","guid":{"rendered":"https:\/\/www.messinaoggi.it\/website\/2023\/05\/06\/carlo-iii-incoronato-re-sovrano-di-un-regno-nuovo-e-diverso\/"},"modified":"2023-05-06T16:07:55","modified_gmt":"2023-05-06T14:07:55","slug":"carlo-iii-incoronato-re-sovrano-di-un-regno-nuovo-e-diverso","status":"publish","type":"post","link":"https:\/\/www.messinaoggi.it\/website\/2023\/05\/06\/carlo-iii-incoronato-re-sovrano-di-un-regno-nuovo-e-diverso\/","title":{"rendered":"Carlo III incoronato Re, sovrano di un regno nuovo e diverso"},"content":{"rendered":"<div>LONDRA (INGHILTERRA) (ITALPRESS) &#8211; Re Carlo III \u00e8 stato formalmente incoronato nell&#8217;abbazia di Westminster con la deposizione sul suo capo della Corona di Sant&#8217;Edoardo. L&#8217;atto si \u00e8 compiuto dopo l&#8217;unzione religiosa con l&#8217;olio santo e il solenne giuramento nella mani dell&#8217;arcivescovo di Canterbury, Justin Welby, di fedelt\u00e0 alla leggi del Regno e alla Chiesa d&#8217;Inghilterra. Una cerimonia che ha proiettato il trono d&#8217;Inghilterra in un futuro che Elisabetta II non era riuscita, nel suo lungo regno, a comprendere e gestire. Per la prima volta l&#8217;investitura ha visto coinvolte quattro diverse religioni, tutte le lingue del regno e ogni diversit\u00e0 di genere. Il mondo ha assistito a un momento che rester\u00e0 impresso nella storia, come la proclamazione di un Papa. La lunga celebrazione all&#8217;interno dell&#8217;Abbazia di Westminster ha avuto momenti di grande fascino, con Re Carlo III visibilmente compreso nel suo ruolo e che pi\u00f9 volte ha tradito, con il suo sguardo triste, il pensiero nei confronti della madre scomparsa lo scorso 8 settembre. E anche consapevole di quello che gli aspetta negli anni della sua reggenza, dovendo gestire un regno sempre pi\u00f9 diviso e stratificato. Dovr\u00e0 essere un Re in grado di comprendere la diversit\u00e0, e non baster\u00e0 il suo impegno nei confronti dell&#8217;ambiente a renderlo popolare. Carlo III sar\u00e0 a capo di un regno che non vuole pi\u00f9 essere tale, che alla luce delle elezioni locali di appena 24 ore prima vuole tendere a sinistra, con un tonfo clamoroso da parte dei conservatori e una crescita, prevista, da parte dei laburisti e, segnale importantissimo, dei Liberal-Democratici e dei Verdi. Il fervore pro-monarchico c&#8217;\u00e8, \u00e8 dimostrato dalle migliaia di persone che si sono accampate sul percorso della cerimonia gi\u00e0 giorni prima dell&#8217;incoronazione e dal corteo che ha celebrato il Re e la Regina. Ma nel resto della citt\u00e0 le reazioni sono tiepide. L&#8217;incoronazione \u00e8 costata 125 milioni di sterline ai contribuenti britannici. Re Carlo III dovr\u00e0 essere un grande sovrano anche per farlo dimenticare.<br \/>(ITALPRESS).<br \/>-foto agenziafotogramma.it-<\/div>\n<div id=\"div-gpt-ad-Messinaoggi.it-DSK-300x250-corpoart\" style=\"text-align:center;margin:0 auto;\"><\/div><\/p><div id=\"videoincontent\" style=\"clear:both\";><\/div>","protected":false},"excerpt":{"rendered":"<p>LONDRA (INGHILTERRA) (ITALPRESS) &#8211; Re Carlo III \u00e8 stato formalmente incoronato nell&#8217;abbazia di Westminster con la deposizione sul suo capo della Corona di Sant&#8217;Edoardo. L&#8217;atto si \u00e8 compiuto dopo l&#8217;unzione religiosa con l&#8217;olio santo e il solenne giuramento nella mani dell&#8217;arcivescovo di Canterbury, Justin Welby, di fedelt\u00e0 alla leggi del Regno e alla Chiesa d&#8217;Inghilterra. [&hellip;]<\/p>\n","protected":false},"author":18,"featured_media":153993,"comment_status":"closed","ping_status":"closed","sticky":false,"template":"","format":"standard","meta":{"ub_ctt_via":"","_mi_skip_tracking":false},"categories":[446],"tags":[783],"featured_image_src":"https:\/\/www.messinaoggi.it\/website\/wp-content\/uploads\/2023\/05\/20230506_0859.jpg","author_info":{"display_name":"Admin","author_link":"https:\/\/www.messinaoggi.it\/website\/author\/admin\/"},"digistream_id":0,"digistream":false,"_links":{"self":[{"href":"https:\/\/www.messinaoggi.it\/website\/wp-json\/wp\/v2\/posts\/153992"}],"collection":[{"href":"https:\/\/www.messinaoggi.it\/website\/wp-json\/wp\/v2\/posts"}],"about":[{"href":"https:\/\/www.messinaoggi.it\/website\/wp-json\/wp\/v2\/types\/post"}],"author":[{"embeddable":true,"href":"https:\/\/www.messinaoggi.it\/website\/wp-json\/wp\/v2\/users\/18"}],"replies":[{"embeddable":true,"href":"https:\/\/www.messinaoggi.it\/website\/wp-json\/wp\/v2\/comments?post=153992"}],"version-history":[{"count":0,"href":"https:\/\/www.messinaoggi.it\/website\/wp-json\/wp\/v2\/posts\/153992\/revisions"}],"wp:featuredmedia":[{"embeddable":true,"href":"https:\/\/www.messinaoggi.it\/website\/wp-json\/wp\/v2\/media\/153993"}],"wp:attachment":[{"href":"https:\/\/www.messinaoggi.it\/website\/wp-json\/wp\/v2\/media?parent=153992"}],"wp:term":[{"taxonomy":"category","embeddable":true,"href":"https:\/\/www.messinaoggi.it\/website\/wp-json\/wp\/v2\/categories?post=153992"},{"taxonomy":"post_tag","embeddable":true,"href":"https:\/\/www.messinaoggi.it\/website\/wp-json\/wp\/v2\/tags?post=153992"}],"curies":[{"name":"wp","href":"https:\/\/api.w.org\/{rel}","templated":true}]}}