{"id":153988,"date":"2023-05-06T15:07:53","date_gmt":"2023-05-06T13:07:53","guid":{"rendered":"https:\/\/www.messinaoggi.it\/website\/2023\/05\/06\/berlusconi-pronto-a-riprendere-le-nostre-battaglie-per-la-liberta\/"},"modified":"2023-05-06T15:07:53","modified_gmt":"2023-05-06T13:07:53","slug":"berlusconi-pronto-a-riprendere-le-nostre-battaglie-per-la-liberta","status":"publish","type":"post","link":"https:\/\/www.messinaoggi.it\/website\/2023\/05\/06\/berlusconi-pronto-a-riprendere-le-nostre-battaglie-per-la-liberta\/","title":{"rendered":"Berlusconi \u201cPronto a riprendere le nostre battaglie per la libert\u00e0\u201d"},"content":{"rendered":"<div>MILANO (ITALPRESS) &#8211; &#8220;Sono pronto a riprendere con voi le nostre battaglie di libert\u00e0. Sar\u00f2 con voi con lo stesso entusiasmo e lo stesso impegno del &#8217;94. Ho lavorato anche settimana scorsa a una riorganizzazione di Forza Italia. In queste settimane ho sentito l&#8217;affetto di molti, anche degli avversari politici e li ringrazio. Ma \u00e8 stato il vostro affetto che pi\u00f9 di tutti mi ha aiutato a superare una terribile polmonite&#8221;. Lo ha detto il presidente di Forza Italia, Silvio Berlusconi, nel videomessaggio trasmesso alla convention di Fi a Milano e registrato dall&#8217;Ospedale San Raffaele, dove \u00e8 ricoverato da trenta giorni. Infatti, ha aperto il suo intervento sottolineando: &#8220;Eccomi, sono qui per voi, in giacca e camicia dopo un mese&#8221; e raccontando: &#8220;Ricoverato al San Raffaele, avevo una domanda in testa che non riuscivo a mandare via: ma cosa ci faccio qui? Che cosa sto combattendo? Vicino a me la mia Marta. Le ho chiesto: &#8216;perch\u00e8 siamo qui?&#8217;. E lei mi ha risposto: &#8216;siamo qui perch\u00e8 hai lavorato tanto, forse troppo. Ti stai impegnando molto per salvare la nostra democrazia e la nostra libert\u00e0&#8217;. E quindi sono qua per voi per ricordare il passato, anche se farlo mi emozioner\u00e0 davvero. Alcuni aspetti di questa storia&#8221; di FI &#8220;li ho condivisi con qualcuno di voi, altri non li ho mai raccontati a nessuno. E&#8217; importante riviverli perch\u00e8 l\u00ec ci sono le nostre radici, le ragioni forti per le quali siamo ancora in campo. L\u00ec c&#8217;\u00e8 il grande futuro che ci aspetta e per il quale stiamo lavorando con passione&#8221;. Ricordando la nascita di Forza Italia, Berlusconi ha sottolineato che &#8220;in pochi mesi, con i miei pi\u00f9 cari amici sapemmo dar vita all&#8217;unico partito in Italia che \u00e8 continuatore e interprete della tradizione liberale, della tradizione cristiana, della tradizione garantista, della tradizione europeista e atlantista e vincemmo le elezioni. Questi valori sono in noi: ci appartengono perch\u00e8 sono quelli pi\u00f9 naturali negli uomini liberi del ventunesimo secolo. Noi non siamo professionisti della politica, noi siamo uomini che vengono dal lavoro, dalle professioni, dall&#8217;imprenditoria&#8221;. Nell&#8217;attuale maggioranza, &#8220;noi siamo il pilastro essenziale e leale di questa maggioranza, siamo la spina dorsale di questo governo. Per questo siamo in campo, per far s\u00ec che le sue decisioni siano davvero corrette, giuste, equilibrate&#8221;. Il Cavaliere ha precisato che Forza Italia vuole &#8220;aumentare le pensioni, i salari, gli stipendi che sono rimasti quelli di 20 anni fa. Noi vogliamo ridurre la pressione fiscale sotto il 40% mentre ora \u00e8 al 44%. Vogliamo costruire tutte le infrastrutture necessarie per rendere veramente moderno il nostro Paese. Ed ora dobbiamo anche trovare urgentemente una risposta al problema della siccit\u00e0 per far s\u00ec che i nostri campi non restino senza acqua e i rubinetti non restino all&#8217;asciutto, come purtroppo oggi avviene in alcune nostre citt\u00e0&#8221;. Rispetto alla politica estera, Berlusconi ha ribadito che l&#8217;Europa &#8220;\u00e8 il nostro orizzonte di riferimento, solo l&#8217;Europa pu\u00f2 essere protagonista nelle grandi sfide globali, a cominciare da quella posta dall&#8217;imperialismo cinese. Dobbiamo far s\u00ec che l&#8217;Europa divenga un vero Continente unito, con regole di voto diverse rispetto a quelle attuali&#8221;. Infatti, \u00e8 necessario &#8220;passare dall&#8217;unanimit\u00e0 alla maggioranza qualificata, che io ho proposto possa essere il voto dell&#8217;80\/85% dei Paesi Europei. Dobbiamo avere un&#8217;unica politica militare, con una forte cooperazione tra le forze armate di tutti i Paesi Europei, con un aumento della spesa militare e con un Corpo di pronto Intervento di almeno 300 mila uomini. Tutto questo, che io chiedo dal 2002, non \u00e8 stato mai realizzato&#8221;. &#8220;E purtroppo &#8211; ha precisato &#8211; cos\u00ec, l&#8217;Europa, nel mondo, conta poco&#8221;. Stando cos\u00ec le cose &#8220;se la Cina &#8211; lo dico naturalmente per assurdo &#8211; un giorno decidesse di occupare l&#8217;Italia, e magari qualche altro Paese Europeo, non sapremmo assolutamente contrastarla e la cosa migliore che ci converrebbe fare sarebbe quella di andare a scuola a studiare il cinese&#8221;, ha concluso il Cavaliere.<div id=\"div-gpt-ad-Messinaoggi.it-DSK-300x250-corpoart\" style=\"text-align:center;margin:0 auto;\"><\/div><\/p>\n<p>foto: agenziafotogramma.it<div id=\"videoincontent\" style=\"clear:both\";><\/div><\/p>\n<p>(ITALPRESS).<\/p><\/div>\n","protected":false},"excerpt":{"rendered":"<p>MILANO (ITALPRESS) &#8211; &#8220;Sono pronto a riprendere con voi le nostre battaglie di libert\u00e0. Sar\u00f2 con voi con lo stesso entusiasmo e lo stesso impegno del &#8217;94. Ho lavorato anche settimana scorsa a una riorganizzazione di Forza Italia. In queste settimane ho sentito l&#8217;affetto di molti, anche degli avversari politici e li ringrazio. Ma \u00e8 [&hellip;]<\/p>\n","protected":false},"author":18,"featured_media":153989,"comment_status":"closed","ping_status":"closed","sticky":false,"template":"","format":"standard","meta":{"ub_ctt_via":"","_mi_skip_tracking":false},"categories":[446],"tags":[783],"featured_image_src":"https:\/\/www.messinaoggi.it\/website\/wp-content\/uploads\/2023\/05\/20230506_0785.jpg","author_info":{"display_name":"Admin","author_link":"https:\/\/www.messinaoggi.it\/website\/author\/admin\/"},"digistream_id":0,"digistream":false,"_links":{"self":[{"href":"https:\/\/www.messinaoggi.it\/website\/wp-json\/wp\/v2\/posts\/153988"}],"collection":[{"href":"https:\/\/www.messinaoggi.it\/website\/wp-json\/wp\/v2\/posts"}],"about":[{"href":"https:\/\/www.messinaoggi.it\/website\/wp-json\/wp\/v2\/types\/post"}],"author":[{"embeddable":true,"href":"https:\/\/www.messinaoggi.it\/website\/wp-json\/wp\/v2\/users\/18"}],"replies":[{"embeddable":true,"href":"https:\/\/www.messinaoggi.it\/website\/wp-json\/wp\/v2\/comments?post=153988"}],"version-history":[{"count":0,"href":"https:\/\/www.messinaoggi.it\/website\/wp-json\/wp\/v2\/posts\/153988\/revisions"}],"wp:featuredmedia":[{"embeddable":true,"href":"https:\/\/www.messinaoggi.it\/website\/wp-json\/wp\/v2\/media\/153989"}],"wp:attachment":[{"href":"https:\/\/www.messinaoggi.it\/website\/wp-json\/wp\/v2\/media?parent=153988"}],"wp:term":[{"taxonomy":"category","embeddable":true,"href":"https:\/\/www.messinaoggi.it\/website\/wp-json\/wp\/v2\/categories?post=153988"},{"taxonomy":"post_tag","embeddable":true,"href":"https:\/\/www.messinaoggi.it\/website\/wp-json\/wp\/v2\/tags?post=153988"}],"curies":[{"name":"wp","href":"https:\/\/api.w.org\/{rel}","templated":true}]}}