{"id":153969,"date":"2023-05-06T11:12:26","date_gmt":"2023-05-06T09:12:26","guid":{"rendered":"http:\/\/www.messinaoggi.it\/website\/?p=153969"},"modified":"2023-05-06T11:27:13","modified_gmt":"2023-05-06T09:27:13","slug":"altro-incidente-sulla-chicane-baglio-vergogna","status":"publish","type":"post","link":"https:\/\/www.messinaoggi.it\/website\/2023\/05\/06\/altro-incidente-sulla-chicane-baglio-vergogna\/","title":{"rendered":"Altro incidente sulla chicane Baglio. Vergogna"},"content":{"rendered":"\n<p>La bretella Baglio \u00e8 aperta da meno di 24 ore, e sicuramente far\u00e0 parlare di s\u00e9 per un bel po&#8217;. Pochi minuti si \u00e8 verificato un nuovo incidente, il secondo da quando la bretella \u00e8 stata aperta al traffico veicolare.<div id=\"div-gpt-ad-Messinaoggi.it-DSK-300x250-corpoart\" style=\"text-align:center;margin:0 auto;\"><\/div><\/p>\n\n\n\n<p>Questa volta \u00e8 toccato a un tir in marcia sull&#8217;A20 in direzione Messina, che \u00e8 andato a sbattere contro un guardrail. <div id=\"videoincontent\" style=\"clear:both\";><\/div><\/p>\n\n\n\n<p>Non ci sono feriti, ma la frustrazione degli automobilisti \u00e8 tanta, considerate le lunghe code in tangenziale che questo nuovo incidente far\u00e0 registrare.<\/p>\n","protected":false},"excerpt":{"rendered":"<p>La bretella Baglio \u00e8 aperta da meno di 24 ore, e sicuramente far\u00e0 parlare di s\u00e9 per un bel po&#8217;. Pochi minuti si \u00e8 verificato un nuovo incidente, il secondo da quando la bretella \u00e8 stata aperta al traffico veicolare. Questa volta \u00e8 toccato a un tir in marcia sull&#8217;A20 in direzione Messina, che \u00e8 [&hellip;]<\/p>\n","protected":false},"author":2,"featured_media":153973,"comment_status":"open","ping_status":"open","sticky":false,"template":"","format":"standard","meta":{"ub_ctt_via":"","_mi_skip_tracking":false},"categories":[19],"tags":[7744,74],"featured_image_src":"https:\/\/www.messinaoggi.it\/website\/wp-content\/uploads\/2023\/05\/IMG-20230506-WA0079.jpg","author_info":{"display_name":"Redazione","author_link":"https:\/\/www.messinaoggi.it\/website\/author\/redazione\/"},"digistream_id":0,"digistream":false,"_links":{"self":[{"href":"https:\/\/www.messinaoggi.it\/website\/wp-json\/wp\/v2\/posts\/153969"}],"collection":[{"href":"https:\/\/www.messinaoggi.it\/website\/wp-json\/wp\/v2\/posts"}],"about":[{"href":"https:\/\/www.messinaoggi.it\/website\/wp-json\/wp\/v2\/types\/post"}],"author":[{"embeddable":true,"href":"https:\/\/www.messinaoggi.it\/website\/wp-json\/wp\/v2\/users\/2"}],"replies":[{"embeddable":true,"href":"https:\/\/www.messinaoggi.it\/website\/wp-json\/wp\/v2\/comments?post=153969"}],"version-history":[{"count":3,"href":"https:\/\/www.messinaoggi.it\/website\/wp-json\/wp\/v2\/posts\/153969\/revisions"}],"predecessor-version":[{"id":153975,"href":"https:\/\/www.messinaoggi.it\/website\/wp-json\/wp\/v2\/posts\/153969\/revisions\/153975"}],"wp:featuredmedia":[{"embeddable":true,"href":"https:\/\/www.messinaoggi.it\/website\/wp-json\/wp\/v2\/media\/153973"}],"wp:attachment":[{"href":"https:\/\/www.messinaoggi.it\/website\/wp-json\/wp\/v2\/media?parent=153969"}],"wp:term":[{"taxonomy":"category","embeddable":true,"href":"https:\/\/www.messinaoggi.it\/website\/wp-json\/wp\/v2\/categories?post=153969"},{"taxonomy":"post_tag","embeddable":true,"href":"https:\/\/www.messinaoggi.it\/website\/wp-json\/wp\/v2\/tags?post=153969"}],"curies":[{"name":"wp","href":"https:\/\/api.w.org\/{rel}","templated":true}]}}