{"id":153966,"date":"2023-05-06T10:44:17","date_gmt":"2023-05-06T08:44:17","guid":{"rendered":"http:\/\/www.messinaoggi.it\/website\/?p=153966"},"modified":"2023-05-06T10:44:19","modified_gmt":"2023-05-06T08:44:19","slug":"grave-incidente-nel-palermitano-messina-piange-andrea-finocchio","status":"publish","type":"post","link":"https:\/\/www.messinaoggi.it\/website\/2023\/05\/06\/grave-incidente-nel-palermitano-messina-piange-andrea-finocchio\/","title":{"rendered":"Grave incidente nel Palermitano: Messina piange Andrea Finocchio"},"content":{"rendered":"\n<p>La comunit\u00e0 di Santa Teresa di Riva piange un suo concittadino. A perdere la vita \u00e8 stato Andrea Finocchio, 29enne rimasto vittima di un terribile incidente stradale che si \u00e8 verificato nella notte appena trascorsa.<div id=\"div-gpt-ad-Messinaoggi.it-DSK-300x250-corpoart\" style=\"text-align:center;margin:0 auto;\"><\/div><\/p>\n\n\n\n<p>La tragedia si \u00e8 verificata nei pressi di Lascari, nel Palermitano. Finocchio viaggiava su una Toyota Yaris guidata da un altro ragazzo, un 37enne originario di Santa Teresa di Riva come Finocchio.<div id=\"videoincontent\" style=\"clear:both\";><\/div><\/p>\n\n\n\n<p>Il conducente dell&#8217;auto, in particolare, ha perso improvvisamente il controllo del mezzo, finendo a sbattere violentemente contro un muro situato all&#8217;interno di un terreno di un&#8217;abitazione.<br>A nulla sono valsi i primi soccorsi per Finocchio, in quanto il ragazzo \u00e8 morto sul colpo. Il conducente del mezzo, invece, \u00e8 stato trasferito all&#8217;ospedale Giglio di Cefal\u00f9 in codice giallo.<\/p>\n\n\n\n<p>Al momento ignota la dinamica esatta dell&#8217;incidente. I carabinieri, giunti sul posto per i rilievi di rito, stanno cercando di far luce su quanto esattamente accaduto, su chi o cosa abbia eventualmente portato il conducente a perdere il controllo dell&#8217;auto. Sul posto anche i vigili del fuoco che hanno estratto i corpi dalle lamiere del mezzo.<\/p>\n","protected":false},"excerpt":{"rendered":"<p>La comunit\u00e0 di Santa Teresa di Riva piange un suo concittadino. A perdere la vita \u00e8 stato Andrea Finocchio, 29enne rimasto vittima di un terribile incidente stradale che si \u00e8 verificato nella notte appena trascorsa. La tragedia si \u00e8 verificata nei pressi di Lascari, nel Palermitano. Finocchio viaggiava su una Toyota Yaris guidata da un [&hellip;]<\/p>\n","protected":false},"author":8,"featured_media":153967,"comment_status":"open","ping_status":"open","sticky":false,"template":"","format":"standard","meta":{"ub_ctt_via":"","_mi_skip_tracking":false},"categories":[19],"tags":[7743,1119,1788],"featured_image_src":"https:\/\/www.messinaoggi.it\/website\/wp-content\/uploads\/2023\/05\/IMG_20230506_103844.jpg","author_info":{"display_name":"red..me","author_link":"https:\/\/www.messinaoggi.it\/website\/author\/redstage\/"},"digistream_id":0,"digistream":false,"_links":{"self":[{"href":"https:\/\/www.messinaoggi.it\/website\/wp-json\/wp\/v2\/posts\/153966"}],"collection":[{"href":"https:\/\/www.messinaoggi.it\/website\/wp-json\/wp\/v2\/posts"}],"about":[{"href":"https:\/\/www.messinaoggi.it\/website\/wp-json\/wp\/v2\/types\/post"}],"author":[{"embeddable":true,"href":"https:\/\/www.messinaoggi.it\/website\/wp-json\/wp\/v2\/users\/8"}],"replies":[{"embeddable":true,"href":"https:\/\/www.messinaoggi.it\/website\/wp-json\/wp\/v2\/comments?post=153966"}],"version-history":[{"count":1,"href":"https:\/\/www.messinaoggi.it\/website\/wp-json\/wp\/v2\/posts\/153966\/revisions"}],"predecessor-version":[{"id":153968,"href":"https:\/\/www.messinaoggi.it\/website\/wp-json\/wp\/v2\/posts\/153966\/revisions\/153968"}],"wp:featuredmedia":[{"embeddable":true,"href":"https:\/\/www.messinaoggi.it\/website\/wp-json\/wp\/v2\/media\/153967"}],"wp:attachment":[{"href":"https:\/\/www.messinaoggi.it\/website\/wp-json\/wp\/v2\/media?parent=153966"}],"wp:term":[{"taxonomy":"category","embeddable":true,"href":"https:\/\/www.messinaoggi.it\/website\/wp-json\/wp\/v2\/categories?post=153966"},{"taxonomy":"post_tag","embeddable":true,"href":"https:\/\/www.messinaoggi.it\/website\/wp-json\/wp\/v2\/tags?post=153966"}],"curies":[{"name":"wp","href":"https:\/\/api.w.org\/{rel}","templated":true}]}}