{"id":153963,"date":"2023-05-06T09:07:53","date_gmt":"2023-05-06T07:07:53","guid":{"rendered":"https:\/\/www.messinaoggi.it\/website\/2023\/05\/06\/rai-lollobrigida-nessuno-sta-costringendo-fuortes-ad-andarsene\/"},"modified":"2023-05-06T09:07:53","modified_gmt":"2023-05-06T07:07:53","slug":"rai-lollobrigida-nessuno-sta-costringendo-fuortes-ad-andarsene","status":"publish","type":"post","link":"https:\/\/www.messinaoggi.it\/website\/2023\/05\/06\/rai-lollobrigida-nessuno-sta-costringendo-fuortes-ad-andarsene\/","title":{"rendered":"Rai, Lollobrigida \u201cNessuno sta costringendo Fuortes ad andarsene\u201d"},"content":{"rendered":"<div>MILANO (ITALPRESS) &#8211; &#8220;Il ministro Sangiuliano ha rimosso una criticit\u00e0 che provocava una disparit\u00e0 di trattamento tra sovrintendenti italiani e stranieri. Non capisco la strana connessione che viene fatta con Fuortes e il San Carlo&#8221; dice in una intervista a &#8220;Il Corriere della Sera&#8221; Francesco Lollobrigida, ministro dell&#8217;Agricoltura, della Sovranit\u00e0 Alimentare e delle Foreste, smentendo che il decreto \u00e8 stato pensato per silurare Fuortes, liberando per lui il teatro San Carlo di Napoli. &#8220;Fuortes, che \u00e8 persona autorevole, pu\u00f2 decidere se accettare o meno l&#8217;opportunit\u00e0 di guidare il San Carlo, nel caso si presentasse. E&#8217; una sua valutazione. La malignit\u00e0 \u00e8 nella testa di chi mette in connessione questa possibilit\u00e0 con il decreto sui soprintendenti&#8221; e poi aggiunge: &#8220;A me risulta che nessuno lo abbia costretto ad andarsene e credo che la legge gli consenta di restare. Nessuno ha fatto una norma per commissariare la Rai, non c&#8217;\u00e8 una azione diretta del governo&#8221;. Per pi concludere: &#8220;Fuortes in teoria ha ancora un anno in Rai. E&#8217; una persona in gamba e se volesse andare in un altro posto credo sia libero di farlo. Se invece si dovesse arrivare a una ricomposizione del cda, si far\u00e0 con le regole e gli equilibri garantiti a ogni governo&#8221;.<div id=\"div-gpt-ad-Messinaoggi.it-DSK-300x250-corpoart\" style=\"text-align:center;margin:0 auto;\"><\/div><\/p>\n<p>Foto: agenziafotogramma.it<div id=\"videoincontent\" style=\"clear:both\";><\/div><\/p>\n<p>(ITALPRESS).<\/p><\/div>\n","protected":false},"excerpt":{"rendered":"<p>MILANO (ITALPRESS) &#8211; &#8220;Il ministro Sangiuliano ha rimosso una criticit\u00e0 che provocava una disparit\u00e0 di trattamento tra sovrintendenti italiani e stranieri. Non capisco la strana connessione che viene fatta con Fuortes e il San Carlo&#8221; dice in una intervista a &#8220;Il Corriere della Sera&#8221; Francesco Lollobrigida, ministro dell&#8217;Agricoltura, della Sovranit\u00e0 Alimentare e delle Foreste, smentendo [&hellip;]<\/p>\n","protected":false},"author":18,"featured_media":153964,"comment_status":"closed","ping_status":"closed","sticky":false,"template":"","format":"standard","meta":{"ub_ctt_via":"","_mi_skip_tracking":false},"categories":[446],"tags":[783],"featured_image_src":"https:\/\/www.messinaoggi.it\/website\/wp-content\/uploads\/2023\/05\/20230506_0087.jpg","author_info":{"display_name":"Admin","author_link":"https:\/\/www.messinaoggi.it\/website\/author\/admin\/"},"digistream_id":0,"digistream":false,"_links":{"self":[{"href":"https:\/\/www.messinaoggi.it\/website\/wp-json\/wp\/v2\/posts\/153963"}],"collection":[{"href":"https:\/\/www.messinaoggi.it\/website\/wp-json\/wp\/v2\/posts"}],"about":[{"href":"https:\/\/www.messinaoggi.it\/website\/wp-json\/wp\/v2\/types\/post"}],"author":[{"embeddable":true,"href":"https:\/\/www.messinaoggi.it\/website\/wp-json\/wp\/v2\/users\/18"}],"replies":[{"embeddable":true,"href":"https:\/\/www.messinaoggi.it\/website\/wp-json\/wp\/v2\/comments?post=153963"}],"version-history":[{"count":0,"href":"https:\/\/www.messinaoggi.it\/website\/wp-json\/wp\/v2\/posts\/153963\/revisions"}],"wp:featuredmedia":[{"embeddable":true,"href":"https:\/\/www.messinaoggi.it\/website\/wp-json\/wp\/v2\/media\/153964"}],"wp:attachment":[{"href":"https:\/\/www.messinaoggi.it\/website\/wp-json\/wp\/v2\/media?parent=153963"}],"wp:term":[{"taxonomy":"category","embeddable":true,"href":"https:\/\/www.messinaoggi.it\/website\/wp-json\/wp\/v2\/categories?post=153963"},{"taxonomy":"post_tag","embeddable":true,"href":"https:\/\/www.messinaoggi.it\/website\/wp-json\/wp\/v2\/tags?post=153963"}],"curies":[{"name":"wp","href":"https:\/\/api.w.org\/{rel}","templated":true}]}}