{"id":153639,"date":"2023-05-04T10:50:34","date_gmt":"2023-05-04T08:50:34","guid":{"rendered":"http:\/\/www.messinaoggi.it\/website\/?p=153639"},"modified":"2023-05-04T10:50:36","modified_gmt":"2023-05-04T08:50:36","slug":"fdi-le-ultime-parole-famose-di-cateno-de-luca","status":"publish","type":"post","link":"https:\/\/www.messinaoggi.it\/website\/2023\/05\/04\/fdi-le-ultime-parole-famose-di-cateno-de-luca\/","title":{"rendered":"Fdi: &#8220;Le ultime parole famose di Cateno De Luca&#8221;"},"content":{"rendered":"\n<p>\u201cFinalmente avr\u00f2 un Consiglio Comunale che ci permetter\u00e0 di governare senza freno a mano tirato!\u201d<div id=\"div-gpt-ad-Messinaoggi.it-DSK-300x250-corpoart\" style=\"text-align:center;margin:0 auto;\"><\/div><\/p>\n\n\n\n<p>Queste le ultime parole famose dell\u2019ormai ex &#8220;al cubo&#8221; (sindaco, presidente del consiglio e consigliere) Cateno De Luca all\u2019esito delle Amministrative del giugno scorso \u2013 dichiarano i consiglieri comunali di Fratelli d\u2019Italia Libero Gioveni, Pasquale Curr\u00f2 e Dario Carbone \u2013 ma \u00e8 evidente che pi\u00f9 che freno a mano tirato, la macchina adesso ha un motore ingolfato!<div id=\"videoincontent\" style=\"clear:both\";><\/div><\/p>\n\n\n\n<p>I tre consiglieri proseguono: &#8220;Indipendentemente da chi assumer\u00e0 il ruolo di nuovo Presidente del Consiglio Comunale, non possiamo non certificare che in questi primi dieci mesi di mandato il duo De Luca\/Basile ha di fatto dilapidato, per ragioni che certamente ci riguardano poco, un patrimonio di numeri d\u2019Aula che all\u2019inizio consent\u00ec a qualcuno che rideva a 32 denti sbeffeggiandoci, di asserire che a noi dell\u2019opposizione non ci avrebbero consentito di toccare palla&#8221;<\/p>\n\n\n\n<p>&#8220;Ebbene \u2013 insistono Gioveni, Carbone e Curr\u00f2 \u2013 non solo noi e altri gruppi di opposizione la palla l\u2019abbiamo toccata eccome, ma rischiamo adesso anche di \u201cfare goal e palla al centro\u201d!<br>Il delirio di onnipotenza del loro allenatore, infatti, sta portando questa squadra di governo della citt\u00e0 alla deriva e prova ne \u00e8 il fatto che questa attuale paralisi politico-amministrativa sta avvenendo, per responsabilit\u00e0 certamente da attribuire a una sua dimissione calcolata \u201ca tempo\u201d per fini politici personali, proprio in un momento in cui occorrerebbe approvare atti importanti come il Bilancio di Previsione 2023 con annesso DUP, il nuovo piano Tari e tutte le delibere di carattere amministrativo.<\/p>\n\n\n\n<p>La citt\u00e0 non \u00e8 stupida \u2013 evidenziano ancora gli esponenti di FdI \u2013 e ha certamente compreso che in questo primo scorcio di mandato, salvo aver assistito ad aumenti di indennit\u00e0 di sindaco e assessori, all\u2019aumento delle partecipate con l\u2019avvento di un\u2019altra travestita da Fondazione, all\u2019aumento delle bollette dell\u2019acqua, all\u2019eliminazione dello sconto per la differenziata, alla confusione e ai malumori generati per la long list della Messina social city che ha visto dimettere anche il suo terzo direttore generale, alle dimissioni di un validissimo assessore capace di intercettare fondi europei, al flop di una parte dell\u2019isola pedonale gi\u00e0 cancellata e al dietro front per una pista ciclabile penalizzante a contrada Principe, non ha certamente pi\u00f9 visto nulla di concreto ed importante per una cittadinanza che si sarebbe aspettata ben altro!<\/p>\n\n\n\n<p>Pertanto, al netto di ci\u00f2 che accadr\u00e0 in Aula fra qualche giorno con il rebus della presidenza \u2013 concludono Gioveni, Curr\u00f2 e Carbone &#8211; facciamo adesso appello al sindaco Basile che, non avendo pi\u00f9 un\u2019ombra ingombrante dentro il Palazzo che, spiace dirlo, ne ha sminuito la sua figura istituzionale, dovr\u00e0 concentrarsi su ci\u00f2 che \u00e8 rimasto della sua maggioranza e dando a nostro avviso quella giusta considerazione politica a tutti i gruppi consiliari che finora, con grande senso di responsabilit\u00e0, hanno dimostrato con proposte concrete e azioni vigili sull\u2019operato dell\u2019Amministrazione, di avere a cuore le sorti di una citt\u00e0 che adesso non meritava certamente di assistere a questo indecoroso spettacolo.<\/p>\n","protected":false},"excerpt":{"rendered":"<p>\u201cFinalmente avr\u00f2 un Consiglio Comunale che ci permetter\u00e0 di governare senza freno a mano tirato!\u201d Queste le ultime parole famose dell\u2019ormai ex &#8220;al cubo&#8221; (sindaco, presidente del consiglio e consigliere) Cateno De Luca all\u2019esito delle Amministrative del giugno scorso \u2013 dichiarano i consiglieri comunali di Fratelli d\u2019Italia Libero Gioveni, Pasquale Curr\u00f2 e Dario Carbone \u2013 [&hellip;]<\/p>\n","protected":false},"author":2,"featured_media":153640,"comment_status":"open","ping_status":"open","sticky":false,"template":"","format":"standard","meta":{"ub_ctt_via":"","_mi_skip_tracking":false},"categories":[6],"tags":[126,5689,7720,7719],"featured_image_src":"https:\/\/www.messinaoggi.it\/website\/wp-content\/uploads\/2023\/05\/foto-gruppo-FdI.jpg","author_info":{"display_name":"Redazione","author_link":"https:\/\/www.messinaoggi.it\/website\/author\/redazione\/"},"digistream_id":0,"digistream":false,"_links":{"self":[{"href":"https:\/\/www.messinaoggi.it\/website\/wp-json\/wp\/v2\/posts\/153639"}],"collection":[{"href":"https:\/\/www.messinaoggi.it\/website\/wp-json\/wp\/v2\/posts"}],"about":[{"href":"https:\/\/www.messinaoggi.it\/website\/wp-json\/wp\/v2\/types\/post"}],"author":[{"embeddable":true,"href":"https:\/\/www.messinaoggi.it\/website\/wp-json\/wp\/v2\/users\/2"}],"replies":[{"embeddable":true,"href":"https:\/\/www.messinaoggi.it\/website\/wp-json\/wp\/v2\/comments?post=153639"}],"version-history":[{"count":1,"href":"https:\/\/www.messinaoggi.it\/website\/wp-json\/wp\/v2\/posts\/153639\/revisions"}],"predecessor-version":[{"id":153641,"href":"https:\/\/www.messinaoggi.it\/website\/wp-json\/wp\/v2\/posts\/153639\/revisions\/153641"}],"wp:featuredmedia":[{"embeddable":true,"href":"https:\/\/www.messinaoggi.it\/website\/wp-json\/wp\/v2\/media\/153640"}],"wp:attachment":[{"href":"https:\/\/www.messinaoggi.it\/website\/wp-json\/wp\/v2\/media?parent=153639"}],"wp:term":[{"taxonomy":"category","embeddable":true,"href":"https:\/\/www.messinaoggi.it\/website\/wp-json\/wp\/v2\/categories?post=153639"},{"taxonomy":"post_tag","embeddable":true,"href":"https:\/\/www.messinaoggi.it\/website\/wp-json\/wp\/v2\/tags?post=153639"}],"curies":[{"name":"wp","href":"https:\/\/api.w.org\/{rel}","templated":true}]}}