{"id":153450,"date":"2023-05-03T09:51:46","date_gmt":"2023-05-03T07:51:46","guid":{"rendered":"http:\/\/www.messinaoggi.it\/website\/?p=153450"},"modified":"2023-05-03T09:55:18","modified_gmt":"2023-05-03T07:55:18","slug":"grave-incidente-sulla18-messinese-in-rianimazione","status":"publish","type":"post","link":"https:\/\/www.messinaoggi.it\/website\/2023\/05\/03\/grave-incidente-sulla18-messinese-in-rianimazione\/","title":{"rendered":"Grave incidente sull\u2019A18: messinese in rianimazione"},"content":{"rendered":"\n<p>Un messinese di 60 anni sta lottando tra la vita e la morte nel reparto di rianimazione dell\u2019ospedale Cannizzaro di Catania. Ieri si \u00e8 verificato infatti un terribile incidente sull\u2019A18 in direzione Messina, all\u2019altezza tra Acireale e Giarre. <div id=\"div-gpt-ad-Messinaoggi.it-DSK-300x250-corpoart\" style=\"text-align:center;margin:0 auto;\"><\/div><\/p>\n\n\n\n<p>Con molta probabilit\u00e0 si tratta di un incidente autonomo, dovuto all\u2019ondata di maltempo che sta colpendo la Sicilia nelle ultime ore. Pare infatti che l\u2019asfalto bagnato abbia causato il testacoda del mezzo su cui viaggiava l\u2019uomo, finendo fuori strada. Il mezzo, in particolare, si \u00e8 ribaltato su se stesso dopo aver centrato il guardrail.<div id=\"videoincontent\" style=\"clear:both\";><\/div><\/p>\n\n\n\n<p>L\u2019impatto dell\u2019incidente \u00e8 stato talmente violento che il conducente \u00e8 sbalzato fuori dall&#8217;auto. L&#8217;uomo \u00e8 stato trasportato in elisoccorso al vicino ospedale Cannizzaro di Catania, dove si trova attualmente ricoverato in prognosi riservata. Con l\u2019uomo viaggiava una donna di 56 anni, ricoverata anch\u2019essa in prognosi riservata.<\/p>\n\n\n\n<p>Subito dopo l\u2019incidente si sono registrati dei vistosi rallentamenti. Sul posto la Polizia stradale di Giardini Naxos per i rilievi di rito.<\/p>\n","protected":false},"excerpt":{"rendered":"<p>Un messinese di 60 anni sta lottando tra la vita e la morte nel reparto di rianimazione dell\u2019ospedale Cannizzaro di Catania. Ieri si \u00e8 verificato infatti un terribile incidente sull\u2019A18 in direzione Messina, all\u2019altezza tra Acireale e Giarre. Con molta probabilit\u00e0 si tratta di un incidente autonomo, dovuto all\u2019ondata di maltempo che sta colpendo la [&hellip;]<\/p>\n","protected":false},"author":8,"featured_media":42335,"comment_status":"open","ping_status":"open","sticky":false,"template":"","format":"standard","meta":{"ub_ctt_via":"","_mi_skip_tracking":false},"categories":[6],"tags":[575,74,1025],"featured_image_src":"https:\/\/www.messinaoggi.it\/website\/wp-content\/uploads\/2020\/04\/cannizzaro-1.jpg","author_info":{"display_name":"red..me","author_link":"https:\/\/www.messinaoggi.it\/website\/author\/redstage\/"},"digistream_id":0,"digistream":false,"_links":{"self":[{"href":"https:\/\/www.messinaoggi.it\/website\/wp-json\/wp\/v2\/posts\/153450"}],"collection":[{"href":"https:\/\/www.messinaoggi.it\/website\/wp-json\/wp\/v2\/posts"}],"about":[{"href":"https:\/\/www.messinaoggi.it\/website\/wp-json\/wp\/v2\/types\/post"}],"author":[{"embeddable":true,"href":"https:\/\/www.messinaoggi.it\/website\/wp-json\/wp\/v2\/users\/8"}],"replies":[{"embeddable":true,"href":"https:\/\/www.messinaoggi.it\/website\/wp-json\/wp\/v2\/comments?post=153450"}],"version-history":[{"count":2,"href":"https:\/\/www.messinaoggi.it\/website\/wp-json\/wp\/v2\/posts\/153450\/revisions"}],"predecessor-version":[{"id":153457,"href":"https:\/\/www.messinaoggi.it\/website\/wp-json\/wp\/v2\/posts\/153450\/revisions\/153457"}],"wp:featuredmedia":[{"embeddable":true,"href":"https:\/\/www.messinaoggi.it\/website\/wp-json\/wp\/v2\/media\/42335"}],"wp:attachment":[{"href":"https:\/\/www.messinaoggi.it\/website\/wp-json\/wp\/v2\/media?parent=153450"}],"wp:term":[{"taxonomy":"category","embeddable":true,"href":"https:\/\/www.messinaoggi.it\/website\/wp-json\/wp\/v2\/categories?post=153450"},{"taxonomy":"post_tag","embeddable":true,"href":"https:\/\/www.messinaoggi.it\/website\/wp-json\/wp\/v2\/tags?post=153450"}],"curies":[{"name":"wp","href":"https:\/\/api.w.org\/{rel}","templated":true}]}}