{"id":15337,"date":"2018-02-07T15:16:43","date_gmt":"2018-02-07T14:16:43","guid":{"rendered":"http:\/\/www.messinaoggi.it\/website\/?p=15337"},"modified":"2018-02-07T15:16:43","modified_gmt":"2018-02-07T14:16:43","slug":"lorrore-della-shoah-nel-racconto-di-francesco-bottari","status":"publish","type":"post","link":"https:\/\/www.messinaoggi.it\/website\/2018\/02\/07\/lorrore-della-shoah-nel-racconto-di-francesco-bottari\/","title":{"rendered":"L&#039;orrore della Shoah nel racconto di Francesco Bottari"},"content":{"rendered":"<p>Settembre 1943, un vento freddo sferza l\u2019aria di Varsavia, capitale della Polonia. Comincia il freddo e quella giornata del 1943 era iniziata freddosa e pioveva: una pioggia che il vento proveniente da Nord, rendeva pesante. La citt\u00e0 dormiva, un sonno pesante, inquieto, pauroso. Occupata dai nazisti, vegetava al limite della sopravvivenza.<br \/>\n\u00c8 mattino, all\u2019improvviso il passo cadenzato dei soldati tedeschi, rimbomb\u00f2: sordo, agghiacciante, portatore di morte. Da Berlino era stato emanato l\u2019ordine di sgomberare il ghetto di Varsavia: il ghetto degli Ebrei.<br \/>\nA Varsavia in quel tempo, in quel lontano 1943, erano rinchiusi oltre 10.000 ebrei. Costretti a vivere una vita di paura, ghettizzati in spazi controllati.<br \/>\nCominciava la soluzione finale: in codice, Operazione T: Operazione Tod &#8211; Operazione Morte. Iniziava lo spostamento in campi di concentramento, chiamati campi di lavoro, che all\u2019ingresso portavano la nobile scritta: Arbait macht frei: Il Lavoro rende liberi.<br \/>\nIniziava la \u201cSHOAH\u201d: LA Grande CATASTROFE.<br \/>\n\u00c8 vero, il lavoro rende liberi, perch\u00e9 crea ricchezza e questa ci libera dalla schiavit\u00f9 del bisogno. Ma, quelli non erano campi di lavoro, erano campi di morte, di dolore, di tortura. Avrebbero dovuto portare la scritta:\u201d Tod macht frei &#8211; La morte rende liberi.\u201d Avrebbero dovuto portare la scritta dell\u2019Inferno dantesco: \u201cPer me si va fra la perduta gente, per me si nell\u2019eterno dolore.\u201d In questi campi di sterminio 13.000.000 di persone furono uccise in nome di una ideologia bugiarda, ingannatrice, il cui predicatore fu un imbianchino austriaco, Adolf Hitler, nato nel 1889 e la cui bibbia, fu un libro scritto nel 1925: Mein Kampf &#8211; La mia battaglia.<br \/>\nUn insieme di menzogne, di bugie che mortificavano la storia e offendevano la scienza.<br \/>\nTutto questo, il preside dell\u2019Istituto paritario XXIV Maggio 1915, Cav. Ufficiale, Francesco Bottari, ha raccontato nel periodo che va dal 27 gennaio alla chiusura del mese. Il Male \u00e8 stato raccontato, rivissuto, rivitalizzato, non con spirito revanchista, n\u00e9 con desiderio di vendetta.<br \/>\nE\u2019 stato raccontato per essere conosciuto e per non dimenticarlo. Ricordarlo affinch\u00e9 non abbia a ripetersi. Ricordarlo affinch\u00e9 mai pi\u00f9, nessuna mano Caina possa alzarsi a minacciare impunemente il proprio fratello Abele.<br \/>\nNon \u00e8 stato un olocausto; olocausto significa la morte di uno per la salvezza di tanti. Olocausto \u00e8 stata la morte del vice brigadiere dei carabinieri Salvo D\u2019Acquisto che si \u00e8 accusato dell\u2019atto di sabotaggio contro l\u2019esercito nazista nella citt\u00e0 di Polidoro, in provincia di Roma, che caus\u00f2 la morte di alcuni soldati tedeschi.<br \/>\nIl comando tedesco ordin\u00f2 la morte di 22 cittadini di Polidoro se non si fosse presentato l\u2019attentatore. Il Vice Brigadiere si accus\u00f2 e fu condannato a morte: la sua eroica morte salv\u00f2 la vita del 22 cittadini di Polidoro.<br \/>\nOnore e gloria all\u2019Arma dei carabinieri; onore e gloria a Salvo D\u2019Acquisto. La morte di 13.000.000 di persone \u00e8 stata uno Sterminio. \u00c8 stata \u201c La SHOAH&#8212; LA GRANDE CATASTROFE. \u201d<br \/>\nLa morte studiata, preparata, gestita ed eseguita, con precisione chirurgica, da un regime che del male e della menzogna aveva fatto il suo credo.<div id=\"div-gpt-ad-Messinaoggi.it-DSK-300x250-corpoart\" style=\"text-align:center;margin:0 auto;\"><\/div><\/p>\n<div id=\"videoincontent\" style=\"clear:both\";><\/div>","protected":false},"excerpt":{"rendered":"<p>Settembre 1943, un vento freddo sferza l\u2019aria di Varsavia, capitale della Polonia. Comincia il freddo e quella giornata del 1943 era iniziata freddosa e pioveva: una pioggia che il vento proveniente da Nord, rendeva pesante. La citt\u00e0 dormiva, un sonno pesante, inquieto, pauroso. Occupata dai nazisti, vegetava al limite della sopravvivenza. \u00c8 mattino, all\u2019improvviso il [&hellip;]<\/p>\n","protected":false},"author":2,"featured_media":15342,"comment_status":"closed","ping_status":"open","sticky":false,"template":"","format":"standard","meta":{"ub_ctt_via":"","_mi_skip_tracking":false},"categories":[3],"tags":[],"featured_image_src":"https:\/\/www.messinaoggi.it\/website\/wp-content\/uploads\/2018\/02\/IMG-20180207-WA0008-1.jpg","author_info":{"display_name":"Redazione","author_link":"https:\/\/www.messinaoggi.it\/website\/author\/redazione\/"},"digistream_id":0,"digistream":false,"_links":{"self":[{"href":"https:\/\/www.messinaoggi.it\/website\/wp-json\/wp\/v2\/posts\/15337"}],"collection":[{"href":"https:\/\/www.messinaoggi.it\/website\/wp-json\/wp\/v2\/posts"}],"about":[{"href":"https:\/\/www.messinaoggi.it\/website\/wp-json\/wp\/v2\/types\/post"}],"author":[{"embeddable":true,"href":"https:\/\/www.messinaoggi.it\/website\/wp-json\/wp\/v2\/users\/2"}],"replies":[{"embeddable":true,"href":"https:\/\/www.messinaoggi.it\/website\/wp-json\/wp\/v2\/comments?post=15337"}],"version-history":[{"count":0,"href":"https:\/\/www.messinaoggi.it\/website\/wp-json\/wp\/v2\/posts\/15337\/revisions"}],"wp:featuredmedia":[{"embeddable":true,"href":"https:\/\/www.messinaoggi.it\/website\/wp-json\/wp\/v2\/media\/15342"}],"wp:attachment":[{"href":"https:\/\/www.messinaoggi.it\/website\/wp-json\/wp\/v2\/media?parent=15337"}],"wp:term":[{"taxonomy":"category","embeddable":true,"href":"https:\/\/www.messinaoggi.it\/website\/wp-json\/wp\/v2\/categories?post=15337"},{"taxonomy":"post_tag","embeddable":true,"href":"https:\/\/www.messinaoggi.it\/website\/wp-json\/wp\/v2\/tags?post=15337"}],"curies":[{"name":"wp","href":"https:\/\/api.w.org\/{rel}","templated":true}]}}