{"id":153363,"date":"2023-05-02T16:07:59","date_gmt":"2023-05-02T14:07:59","guid":{"rendered":"https:\/\/www.messinaoggi.it\/website\/2023\/05\/02\/lavoro-salvini-strada-giusta-e-lega-protagonista\/"},"modified":"2023-05-02T16:07:59","modified_gmt":"2023-05-02T14:07:59","slug":"lavoro-salvini-strada-giusta-e-lega-protagonista","status":"publish","type":"post","link":"https:\/\/www.messinaoggi.it\/website\/2023\/05\/02\/lavoro-salvini-strada-giusta-e-lega-protagonista\/","title":{"rendered":"Lavoro, Salvini \u201cStrada giusta e Lega protagonista\u201d"},"content":{"rendered":"<div>MILANO (ITALPRESS) &#8211; &#8220;Gli aumenti di stipendio, il sostegno a famiglie e imprese, la riforma del reddito di cittadinanza per punire i furbetti e proteggere chi non pu\u00f2 lavorare: erano obiettivi contenuti nel programma elettorale che stiamo realizzando. Il tutto accompagnato da una accelerazione nei cantieri di tutta Italia. La strada \u00e8 quella giusta e la Lega \u00e8 assoluta protagonista&#8221;. Cos\u00ec il vicepremier e segretario della Lega Matteo Salvini ha aperto il consiglio federale del partito a Milano riferendosi al decreto lavoro approvato ieri dal Governo.(ITALPRESS).<div id=\"div-gpt-ad-Messinaoggi.it-DSK-300x250-corpoart\" style=\"text-align:center;margin:0 auto;\"><\/div><\/p>\n<p>Photo Credits: www.agenziafotogramma.it<div id=\"videoincontent\" style=\"clear:both\";><\/div><\/p><\/div>\n","protected":false},"excerpt":{"rendered":"<p>MILANO (ITALPRESS) &#8211; &#8220;Gli aumenti di stipendio, il sostegno a famiglie e imprese, la riforma del reddito di cittadinanza per punire i furbetti e proteggere chi non pu\u00f2 lavorare: erano obiettivi contenuti nel programma elettorale che stiamo realizzando. Il tutto accompagnato da una accelerazione nei cantieri di tutta Italia. La strada \u00e8 quella giusta e [&hellip;]<\/p>\n","protected":false},"author":18,"featured_media":153364,"comment_status":"closed","ping_status":"closed","sticky":false,"template":"","format":"standard","meta":{"ub_ctt_via":"","_mi_skip_tracking":false},"categories":[446],"tags":[783],"featured_image_src":"https:\/\/www.messinaoggi.it\/website\/wp-content\/uploads\/2023\/05\/20230502_1232.jpg","author_info":{"display_name":"Admin","author_link":"https:\/\/www.messinaoggi.it\/website\/author\/admin\/"},"digistream_id":0,"digistream":false,"_links":{"self":[{"href":"https:\/\/www.messinaoggi.it\/website\/wp-json\/wp\/v2\/posts\/153363"}],"collection":[{"href":"https:\/\/www.messinaoggi.it\/website\/wp-json\/wp\/v2\/posts"}],"about":[{"href":"https:\/\/www.messinaoggi.it\/website\/wp-json\/wp\/v2\/types\/post"}],"author":[{"embeddable":true,"href":"https:\/\/www.messinaoggi.it\/website\/wp-json\/wp\/v2\/users\/18"}],"replies":[{"embeddable":true,"href":"https:\/\/www.messinaoggi.it\/website\/wp-json\/wp\/v2\/comments?post=153363"}],"version-history":[{"count":0,"href":"https:\/\/www.messinaoggi.it\/website\/wp-json\/wp\/v2\/posts\/153363\/revisions"}],"wp:featuredmedia":[{"embeddable":true,"href":"https:\/\/www.messinaoggi.it\/website\/wp-json\/wp\/v2\/media\/153364"}],"wp:attachment":[{"href":"https:\/\/www.messinaoggi.it\/website\/wp-json\/wp\/v2\/media?parent=153363"}],"wp:term":[{"taxonomy":"category","embeddable":true,"href":"https:\/\/www.messinaoggi.it\/website\/wp-json\/wp\/v2\/categories?post=153363"},{"taxonomy":"post_tag","embeddable":true,"href":"https:\/\/www.messinaoggi.it\/website\/wp-json\/wp\/v2\/tags?post=153363"}],"curies":[{"name":"wp","href":"https:\/\/api.w.org\/{rel}","templated":true}]}}