{"id":15332,"date":"2018-02-07T13:20:45","date_gmt":"2018-02-07T12:20:45","guid":{"rendered":"http:\/\/www.messinaoggi.it\/website\/?p=15332"},"modified":"2018-02-07T13:20:45","modified_gmt":"2018-02-07T12:20:45","slug":"porto-devastato-alicudi-isolata","status":"publish","type":"post","link":"https:\/\/www.messinaoggi.it\/website\/2018\/02\/07\/porto-devastato-alicudi-isolata\/","title":{"rendered":"Porto devastato, Alicudi isolata"},"content":{"rendered":"<p lang=\"it-IT\"><span style=\"font-family: Arial, sans-serif;\">Divieto di attracco di traghetti e aliscafi presso il porto di Alicudi. Questa \u00e8 l&#8217;ordinanza emessa dal comandante della Captaneria di Porto, Paolo Margadonna, a causa dei danni arrecati dalle recenti mareggiate allo scalo portuario.<\/span><div id=\"div-gpt-ad-Messinaoggi.it-DSK-300x250-corpoart\" style=\"text-align:center;margin:0 auto;\"><\/div><\/p>\n<p lang=\"it-IT\"><span style=\"font-family: Arial, sans-serif;\">Adesso si sta valutando l&#8217;opportunit\u00e0 di utilizzare una barca per fare il trasbordo di passeggeri e merci dai mezzi di linea al fine di evitare che l&#8217;isola rimanga priva di collegamenti.<\/span><div id=\"videoincontent\" style=\"clear:both\";><\/div><\/p>\n<p lang=\"it-IT\"><span style=\"font-family: Arial, sans-serif;\">&#8220;Oltre alle mareggiate c&#8217;\u00e8 da dire che i lavori di sistemazione del molo sono andati a rilento. L&#8217;isola \u00e8 completamente abbandonata. \u00c8 a forte rischio la stagione turistica 2018 che \u00e8 alle porte. Cosa ancora dobbiamo aspettarci?&#8221;, si chiede amareggiato Aldo Di Nora. Tuttavia, problemi relativi agli attracchi riguardano quasi tutte le isole Eolie, da Lipari a Vulcano. In particolare, a Vulcano lo scalo degli aliscafi rimane ancora danneggiato dopo che un un traghetto di linea spinto dal vento ne ha danneggiato il pontile; a Lipari \u00e8 a rischio la banchina di Sottomonastero; a Ginostra si attende che siano spesi 880 mila euro per mettere in sicurezza lo scalo. <\/span><\/p>\n","protected":false},"excerpt":{"rendered":"<p>Divieto di attracco di traghetti e aliscafi presso il porto di Alicudi. Questa \u00e8 l&#8217;ordinanza emessa dal comandante della Captaneria di Porto, Paolo Margadonna, a causa dei danni arrecati dalle recenti mareggiate allo scalo portuario. Adesso si sta valutando l&#8217;opportunit\u00e0 di utilizzare una barca per fare il trasbordo di passeggeri e merci dai mezzi di [&hellip;]<\/p>\n","protected":false},"author":8,"featured_media":7558,"comment_status":"closed","ping_status":"open","sticky":false,"template":"","format":"standard","meta":{"ub_ctt_via":"","_mi_skip_tracking":false},"categories":[5],"tags":[],"featured_image_src":"https:\/\/www.messinaoggi.it\/website\/wp-content\/uploads\/2017\/09\/mareggiata-eolie-2.jpg","author_info":{"display_name":"red..me","author_link":"https:\/\/www.messinaoggi.it\/website\/author\/redstage\/"},"digistream_id":0,"digistream":false,"_links":{"self":[{"href":"https:\/\/www.messinaoggi.it\/website\/wp-json\/wp\/v2\/posts\/15332"}],"collection":[{"href":"https:\/\/www.messinaoggi.it\/website\/wp-json\/wp\/v2\/posts"}],"about":[{"href":"https:\/\/www.messinaoggi.it\/website\/wp-json\/wp\/v2\/types\/post"}],"author":[{"embeddable":true,"href":"https:\/\/www.messinaoggi.it\/website\/wp-json\/wp\/v2\/users\/8"}],"replies":[{"embeddable":true,"href":"https:\/\/www.messinaoggi.it\/website\/wp-json\/wp\/v2\/comments?post=15332"}],"version-history":[{"count":0,"href":"https:\/\/www.messinaoggi.it\/website\/wp-json\/wp\/v2\/posts\/15332\/revisions"}],"wp:featuredmedia":[{"embeddable":true,"href":"https:\/\/www.messinaoggi.it\/website\/wp-json\/wp\/v2\/media\/7558"}],"wp:attachment":[{"href":"https:\/\/www.messinaoggi.it\/website\/wp-json\/wp\/v2\/media?parent=15332"}],"wp:term":[{"taxonomy":"category","embeddable":true,"href":"https:\/\/www.messinaoggi.it\/website\/wp-json\/wp\/v2\/categories?post=15332"},{"taxonomy":"post_tag","embeddable":true,"href":"https:\/\/www.messinaoggi.it\/website\/wp-json\/wp\/v2\/tags?post=15332"}],"curies":[{"name":"wp","href":"https:\/\/api.w.org\/{rel}","templated":true}]}}