{"id":153293,"date":"2023-05-02T10:07:54","date_gmt":"2023-05-02T08:07:54","guid":{"rendered":"https:\/\/www.messinaoggi.it\/website\/2023\/05\/02\/ghribi-la-vera-priorita-e-la-tutela-del-lavoro\/"},"modified":"2023-05-02T10:24:23","modified_gmt":"2023-05-02T08:24:23","slug":"ghribi-la-vera-priorita-e-la-tutela-del-lavoro","status":"publish","type":"post","link":"https:\/\/www.messinaoggi.it\/website\/2023\/05\/02\/ghribi-la-vera-priorita-e-la-tutela-del-lavoro\/","title":{"rendered":"Ghribi \u201cLa vera priorit\u00e0 \u00e8 la tutela del lavoro\u201d"},"content":{"rendered":"<div>MILANO (ITALPRESS) &#8211; &#8220;Il mio pensiero va alle donne e agli uomini che giorno dopo giorno, con il loro lavoro e con molti sacrifici, costruiscono il loro futuro e quello delle loro famiglie.<br \/>A quanti trovano nel lavoro la dignit\u00e0 sociale e realizzano i propri sogni. A quanti, purtroppo, hanno perso la vita sul lavoro e per il lavoro. A chi il lavoro lo ha perso o non l&#8217;ha mai avuto&#8221;. Lo ha detto Kamel Ghribi, vice presidente del Gruppo San Donato e presidente di GKSD Investment Holding, in occasione del Primo Maggio, Festa dei Lavoratori.<br \/>Ghribi ha rivolto il suo pensiero anche &#8220;ai tanti giovani esclusi dal mondo del lavoro che emigrano lasciando la casa e la famiglia alla ricerca di un futuro migliore, nella speranza di un riscatto personale e sociale. Sappiamo che le loro ansie e le loro speranze &#8211; prosegue &#8211; possono diventare energia viva per il nostro futuro e per questo non dobbiamo e non possiamo escluderli dalla societ\u00e0. Occorre che in tutto il mondo ci sia piena consapevolezza che la vera priorit\u00e0 per i governanti \u00e8 la tutela del lavoro e la creazione delle condizioni per dare maggiori opportunit\u00e0 di lavoro per i giovani&#8221;. Per Kamel Ghribi &#8220;bisogna farsi trovare preparati dai cambiamenti che l&#8217;intelligenza artificiale porter\u00e0 in futuro, cambieranno le necessit\u00e0 e le competenze nel mondo del lavoro, per questo dobbiamo pensare ad un sistema scolastico moderno e pronto a raccogliere la sfida dei nuovi mestieri&#8221;. Poi un &#8220;invito ai giovani: cercate fin da ragazzi la vostra vocazione e di realizzare, poi, da adulti, quel che avete sognato da giovani. Cos\u00ec potrete fare della vostra passione il vostro lavoro e rendere la vostra vita qualcosa di cui andare fieri e orgogliosi. Infine &#8211; conclude -, un pensiero e un ringraziamento doveroso e particolarmente sentito alle lavoratrici e ai lavoratori della grande famiglia del Gruppo San Donato che ogni giorno, con il loro impegno e con la loro professionalit\u00e0, si prendono cura di quanti affidano a noi la propria vita&#8221;.<div id=\"div-gpt-ad-Messinaoggi.it-DSK-300x250-corpoart\" style=\"text-align:center;margin:0 auto;\"><\/div><\/p>\n<p>&#8211; foto ufficio stampa Gruppo Gksd &#8211;<div id=\"videoincontent\" style=\"clear:both\";><\/div><\/p>\n<p>(ITALPRESS).<\/p><\/div>\n","protected":false},"excerpt":{"rendered":"<p>MILANO (ITALPRESS) &#8211; &#8220;Il mio pensiero va alle donne e agli uomini che giorno dopo giorno, con il loro lavoro e con molti sacrifici, costruiscono il loro futuro e quello delle loro famiglie.A quanti trovano nel lavoro la dignit\u00e0 sociale e realizzano i propri sogni. A quanti, purtroppo, hanno perso la vita sul lavoro e [&hellip;]<\/p>\n","protected":false},"author":18,"featured_media":153294,"comment_status":"closed","ping_status":"closed","sticky":false,"template":"","format":"standard","meta":{"ub_ctt_via":"","_mi_skip_tracking":false},"categories":[446,4],"tags":[783],"featured_image_src":"https:\/\/www.messinaoggi.it\/website\/wp-content\/uploads\/2023\/05\/20230502_0255.jpg","author_info":{"display_name":"Admin","author_link":"https:\/\/www.messinaoggi.it\/website\/author\/admin\/"},"digistream_id":0,"digistream":false,"_links":{"self":[{"href":"https:\/\/www.messinaoggi.it\/website\/wp-json\/wp\/v2\/posts\/153293"}],"collection":[{"href":"https:\/\/www.messinaoggi.it\/website\/wp-json\/wp\/v2\/posts"}],"about":[{"href":"https:\/\/www.messinaoggi.it\/website\/wp-json\/wp\/v2\/types\/post"}],"author":[{"embeddable":true,"href":"https:\/\/www.messinaoggi.it\/website\/wp-json\/wp\/v2\/users\/18"}],"replies":[{"embeddable":true,"href":"https:\/\/www.messinaoggi.it\/website\/wp-json\/wp\/v2\/comments?post=153293"}],"version-history":[{"count":1,"href":"https:\/\/www.messinaoggi.it\/website\/wp-json\/wp\/v2\/posts\/153293\/revisions"}],"predecessor-version":[{"id":153298,"href":"https:\/\/www.messinaoggi.it\/website\/wp-json\/wp\/v2\/posts\/153293\/revisions\/153298"}],"wp:featuredmedia":[{"embeddable":true,"href":"https:\/\/www.messinaoggi.it\/website\/wp-json\/wp\/v2\/media\/153294"}],"wp:attachment":[{"href":"https:\/\/www.messinaoggi.it\/website\/wp-json\/wp\/v2\/media?parent=153293"}],"wp:term":[{"taxonomy":"category","embeddable":true,"href":"https:\/\/www.messinaoggi.it\/website\/wp-json\/wp\/v2\/categories?post=153293"},{"taxonomy":"post_tag","embeddable":true,"href":"https:\/\/www.messinaoggi.it\/website\/wp-json\/wp\/v2\/tags?post=153293"}],"curies":[{"name":"wp","href":"https:\/\/api.w.org\/{rel}","templated":true}]}}