{"id":153279,"date":"2023-05-02T09:07:54","date_gmt":"2023-05-02T07:07:54","guid":{"rendered":"https:\/\/www.messinaoggi.it\/website\/2023\/05\/02\/con-il-decreto-lavoro-buste-paga-piu-pesanti-per-i-redditi-bassi\/"},"modified":"2023-05-02T10:24:05","modified_gmt":"2023-05-02T08:24:05","slug":"con-il-decreto-lavoro-buste-paga-piu-pesanti-per-i-redditi-bassi","status":"publish","type":"post","link":"https:\/\/www.messinaoggi.it\/website\/2023\/05\/02\/con-il-decreto-lavoro-buste-paga-piu-pesanti-per-i-redditi-bassi\/","title":{"rendered":"Con il Decreto Lavoro buste paga pi\u00f9 pesanti per i redditi bassi"},"content":{"rendered":"<div>ROMA (ITALPRESS) &#8211; Un nuovo taglio del cuneo fiscale, per la parte contributiva, con aumenti in busta paga dagli 80 ai 100 euro mensili fino a dicembre per i redditi fino a 35 mila euro annui, incentivi per le assunzioni di giovani, contratti a termine che potranno durare fino a 24 mesi, superamento del  reddito di cittadinanza con l&#8217;assegno di inclusione. Sono alcune delle novit\u00e0 contenute nel decreto Lavoro varato dal Consiglio dei Ministri che si \u00e8 riunito l&#8217;1 maggio a Palazzo Chigi. Dal Cdm via libera anche a un ddl sul lavoro, che prevede tra l&#8217;altro nuove norme contro il caporalato e un contributo per l&#8217;assunzione di persone disabili.<br \/>Con il decreto si innalza dal 2 al 6 per cento l&#8217;esonero parziale sulla quota dei contributi previdenziali per l&#8217;invalidit\u00e0, la vecchiaia e i superstiti a carico dei lavoratori dipendenti per i periodi di paga dal 1\u00b0 luglio al 31 dicembre 2023 (con esclusione della tredicesima mensilit\u00e0). L&#8217;esenzione \u00e8 innalzata al 7 per cento se la retribuzione imponibile non eccede l&#8217;importo mensile di 1.923 euro, 25 mila euro l&#8217;anno. L&#8217;aumento nella busta paga dei dipendenti viene stimato, nel periodo luglio-dicembre, fino a 100 euro mensili di media.<br \/>Stanziati 142 milioni per confermare l&#8217;incremento della soglia dei fringe benefit a 3.000 euro per il 2023, esclusivamente per i lavoratori dipendenti con figli a carico.<br \/>Si prevede una estensione ai genitori vedovi della maggiorazione dell&#8217;assegno unico prevista per i nuclei familiari in cui entrambi i genitori siano occupati.<br \/>Dal 1\u00b0 gennaio 2024, si introduce una misura nazionale di contrasto alla povert\u00e0, che consiste in una integrazione al reddito in favore dei nuclei familiari che comprendano una persona con disabilit\u00e0, un minorenne o un ultra-sessantenne e che siano in possesso di determinati requisiti, relativi alla cittadinanza o all&#8217;autorizzazione al soggiorno del richiedente, alla durata della residenza in Italia e alle condizioni economiche. Il beneficio mensile, di importo non inferiore a 480 euro all&#8217;anno esenti dall&#8217;IRPEF, sar\u00e0 erogato dall&#8217;INPS attraverso uno strumento di pagamento elettronico, per un periodo massimo di 18 mesi continuativi, con la possibilit\u00e0 di un rinnovo per ulteriori 12 mesi. Il nucleo beneficiario sar\u00e0 tenuto a sottoscrivere un patto di attivazione digitale e a presentarsi, con cadenza trimestrale, presso i patronati o i servizi sociali e i centri per l&#8217;impiego, al fine di aggiornare la propria posizione.<br \/>Per gli occupabili, cio\u00e8 coloro che hanno una et\u00e0 compresa tra i 18 e i 59 anni e non rientrano tra le categorie individuate come &#8216;fragil\u00ec, \u00e8 prevista la decadenza dal beneficio nel caso di rifiuto di una offerta di lavoro a tempo pieno o parziale, non inferiore al 60 per cento dell&#8217;orario a tempo pieno e con una retribuzione non inferiore ai minimi salariali previsti dai contratti collettivi e che sia, alternativamente: a tempo indeterminato, su tutto il territorio nazionale; a tempo determinato, anche in somministrazione, se il luogo di lavoro non dista oltre 80 km dal domicilio.<br \/>I datori di lavoro privati che intendano assumere i beneficiari potranno fruire, a determinate condizioni, di incentivi nella forma di un esonero contributivo previdenziale. Ai patronati, alle associazioni senza fini di lucro e agli altri enti di mediazione sar\u00e0 riconosciuto, per ogni persona con disabilit\u00e0 assunta a seguito dell&#8217;attivit\u00e0 da loro svolta, un contributo compreso tra il 60 e l&#8217;80 per cento di quello riconosciuto ai datori di lavori.<br \/>Ai soggetti di et\u00e0 compresa fra i 18 e 59 anni in condizioni di povert\u00e0 assoluta, facenti parte di nuclei familiari privi dei requisiti per accedere al sostegno al reddito e ai componenti di nuclei che invece lo percepiscono e che non siano calcolati nella scala di equivalenza, \u00e8 riconosciuto un diverso contributo, volto a sostenere il percorso di inserimento lavorativo, anche attraverso la partecipazione a progetti di formazione, di qualificazione e riqualificazione professionale, di orientamento, di accompagnamento al lavoro e di politiche attive. Tra tali misure rientra anche il servizio civile universale, per accedere al quale sono previste deroghe ai limiti di et\u00e0 e quote di riserva nei relativi bandi. Al fine di beneficiare dello strumento, i soggetti interessati dovranno registrarsi su una piattaforma informatica nazionale, rilasciare una dichiarazione di immediata disponibilit\u00e0 al lavoro, rispondere a determinati requisiti e sottoscrivere un patto di servizio personalizzato, a seguito del quale potranno ricevere offerte di lavoro o essere inseriti in specifici progetti di formazione.<br \/>Durante la partecipazione ai programmi formativi, per un massimo di dodici mensilit\u00e0, gli interessati riceveranno un beneficio economico pari a 350 euro mensili.<br \/>Inoltre, per favorire l&#8217;occupazione giovanile sono previsti incentivi pari al 60 per cento della retribuzione per un periodo di 12 mesi, a favore dei datori di lavoro che assumono giovani sotto i trenta anni di et\u00e0, non inseriti in programmi formativi e registrati nel PON &#8216;Iniziativa Occupazione Giovan\u00ec. L&#8217;incentivo \u00e8 cumulabile con l&#8217;esonero contributivo nella misura del 100 per cento, per un periodo massimo di trentasei mesi, e con altri incentivi previsti dalla legislazione vigente.<br \/>Il decreto modifica la disciplina del contratto di lavoro a termine (cosiddetto &#8216;tempo determinat\u00f2), variando le causali che possono essere indicate nei contratti di durata compresa tra i 12 e i 24 mesi (comprese le proroghe e i rinnovi), per consentire un uso pi\u00f9 flessibile di tale tipologia contrattuale, mantenendo comunque fermo il rispetto della direttiva europea sulla prevenzione degli abusi.<br \/>Quindi i contratti potranno avere durata superiore ai 12 mesi, ma non eccedente i 24 mesi: nei casi previsti dai contratti collettivi; per esigenze di natura tecnica, organizzativa o produttiva, individuate dalle parti, in caso di mancato esercizio da parte della contrattazione collettiva, e in ogni caso entro il termine del 31 dicembre 2024; per sostituire altri lavoratori.<br \/>Il decreto istituisce, presso il Ministero del lavoro e delle politiche sociali, un Fondo per i familiari degli studenti vittime di infortuni in occasione delle attivit\u00e0 formative.<br \/>Si prevedono, tra l&#8217;altro: l&#8217;obbligo per i datori di lavoro di nominare il medico competente se richiesto dalla valutazione dei rischi; l&#8217;estensione ai lavoratori autonomi di alcune misure di tutela previste nei cantieri; l&#8217;obbligo di formazione specifica in capo al datore di lavoro nel caso di utilizzo di attrezzature di lavoro per attivit\u00e0 professionali e conseguenti sanzioni in caso di inosservanza. Si introducono, inoltre, disposizioni in materia di condivisione dei dati per il rafforzamento della programmazione dell&#8217;attivit\u00e0 ispettiva e di vigilanza nella Regione siciliana e nelle province autonome di Trento e di Bolzano.<br \/>Il disegno di legge prevede il riconoscimento per enti e organizzazioni di un contributo per ogni persona con disabilit\u00e0 assunta a tempo indeterminato tra il 1\u00b0 agosto 2022 ed il 31 dicembre 2023.<br \/>Si eliminano i limiti percentuali relativi alle assunzioni con il contratto di apprendistato in regime di somministrazione e quelli quantitativi in caso di somministrazione a tempo indeterminato di specifiche categorie di lavoratori (lavoratori in mobilit\u00e0, soggetti disoccupati non del settore agricolo).<br \/>Si estende ai rapporti di lavoro di durata pari o inferiore a sei mesi la disciplina gi\u00e0 prevista per quelli di durata superiore, che prevede che il lavoratore non abbia diritto all&#8217;integrazione soltanto per le giornate di lavoro effettuate.<br \/>Il testo puntualizza la tempistica della durata del periodo di prova nel rapporto di lavoro a tempo determinato, fissandola in un giorno di effettiva prestazione per ogni quindici giorni di calendario, e si precisa che in ogni caso tale periodo non pu\u00f2 essere inferiore a due giorni.<br \/>Il ddl potenzia la capacit\u00e0 di controllo e verifica dell&#8217;INPS, consentendo all&#8217;ente accertamenti d&#8217;ufficio mediante la consultazione di banche dati non solo dell&#8217;Istituto, ma anche di altre pubbliche amministrazioni.<br \/>Quanto al pagamento dilazionato dei debiti contributivi, si aumenta il numero di rate, passando dagli attuali 24 a 60 mesi.<br \/>Si prevede l&#8217;incremento, per l&#8217;anno 2023, di un importo pari a euro 2.427.740 per il Fondo nazionale per le politiche migratorie, istituito presso la Presidenza del Consiglio.<br \/>Il ddl modifica la disciplina della ricongiunzione ai fini previdenziali dei periodi assicurativi, e prevede, infine, norme relative all&#8217;istituzione del Sistema informativo per la lotta al caporalato in agricoltura; l&#8217;uniformazione dei tempi di presentazione delle domande di accesso ad Ape sociale e di pensionamento anticipato con requisito contributivo ridotto; modifiche al Codice del terzo settore per consentire la partecipazione a distanza alle assemblee; modifiche relative ai fondi di solidariet\u00e0 bilaterali.<div id=\"div-gpt-ad-Messinaoggi.it-DSK-300x250-corpoart\" style=\"text-align:center;margin:0 auto;\"><\/div><\/p>\n<p>&#8211; foto Agenziafotogramma.it &#8211;<div id=\"videoincontent\" style=\"clear:both\";><\/div><\/p>\n<p>(ITALPRESS).<\/p><\/div>\n","protected":false},"excerpt":{"rendered":"<p>ROMA (ITALPRESS) &#8211; Un nuovo taglio del cuneo fiscale, per la parte contributiva, con aumenti in busta paga dagli 80 ai 100 euro mensili fino a dicembre per i redditi fino a 35 mila euro annui, incentivi per le assunzioni di giovani, contratti a termine che potranno durare fino a 24 mesi, superamento del reddito [&hellip;]<\/p>\n","protected":false},"author":18,"featured_media":153280,"comment_status":"closed","ping_status":"closed","sticky":false,"template":"","format":"standard","meta":{"ub_ctt_via":"","_mi_skip_tracking":false},"categories":[446,4],"tags":[783],"featured_image_src":"https:\/\/www.messinaoggi.it\/website\/wp-content\/uploads\/2023\/05\/20230502_0205.jpg","author_info":{"display_name":"Admin","author_link":"https:\/\/www.messinaoggi.it\/website\/author\/admin\/"},"digistream_id":0,"digistream":false,"_links":{"self":[{"href":"https:\/\/www.messinaoggi.it\/website\/wp-json\/wp\/v2\/posts\/153279"}],"collection":[{"href":"https:\/\/www.messinaoggi.it\/website\/wp-json\/wp\/v2\/posts"}],"about":[{"href":"https:\/\/www.messinaoggi.it\/website\/wp-json\/wp\/v2\/types\/post"}],"author":[{"embeddable":true,"href":"https:\/\/www.messinaoggi.it\/website\/wp-json\/wp\/v2\/users\/18"}],"replies":[{"embeddable":true,"href":"https:\/\/www.messinaoggi.it\/website\/wp-json\/wp\/v2\/comments?post=153279"}],"version-history":[{"count":1,"href":"https:\/\/www.messinaoggi.it\/website\/wp-json\/wp\/v2\/posts\/153279\/revisions"}],"predecessor-version":[{"id":153297,"href":"https:\/\/www.messinaoggi.it\/website\/wp-json\/wp\/v2\/posts\/153279\/revisions\/153297"}],"wp:featuredmedia":[{"embeddable":true,"href":"https:\/\/www.messinaoggi.it\/website\/wp-json\/wp\/v2\/media\/153280"}],"wp:attachment":[{"href":"https:\/\/www.messinaoggi.it\/website\/wp-json\/wp\/v2\/media?parent=153279"}],"wp:term":[{"taxonomy":"category","embeddable":true,"href":"https:\/\/www.messinaoggi.it\/website\/wp-json\/wp\/v2\/categories?post=153279"},{"taxonomy":"post_tag","embeddable":true,"href":"https:\/\/www.messinaoggi.it\/website\/wp-json\/wp\/v2\/tags?post=153279"}],"curies":[{"name":"wp","href":"https:\/\/api.w.org\/{rel}","templated":true}]}}