{"id":15323,"date":"2018-02-07T11:58:48","date_gmt":"2018-02-07T10:58:48","guid":{"rendered":"http:\/\/www.messinaoggi.it\/website\/?p=15323"},"modified":"2018-02-07T11:58:48","modified_gmt":"2018-02-07T10:58:48","slug":"trasferimento-mercato-zaera-ittico-siamo-al-chilometro-finale","status":"publish","type":"post","link":"https:\/\/www.messinaoggi.it\/website\/2018\/02\/07\/trasferimento-mercato-zaera-ittico-siamo-al-chilometro-finale\/","title":{"rendered":"Trasferimento mercato Zaera-Ittico, siamo al chilometro finale"},"content":{"rendered":"<p style=\"text-align: justify\">Non dovrebbe mancare molto al trasferimento dei commercianti del mercato Zaera al mercato Ittico, fattore atteso ormai da oltre vent&#8217;anni.<div id=\"div-gpt-ad-Messinaoggi.it-DSK-300x250-corpoart\" style=\"text-align:center;margin:0 auto;\"><\/div><\/p>\n<p style=\"text-align: justify\">Il definitivo via libera \u00e8 arrivato l&#8217;8 novembre scorso, dopo l&#8217;approvazione della delibera da parte del Consiglio Comunale, che sembrava aver aperto alla possibilit\u00e0 affinch\u00e8 il trasferimento si potesse concretizzare entro le scorse festivit\u00e0 natalizie Speranza vanificata, anche perch\u00e9 l\u2019intera area mercatale doveva essere adeguata alle normative imposte dall\u2019Asp.<div id=\"videoincontent\" style=\"clear:both\";><\/div><\/p>\n<p style=\"text-align: justify\">Messa in sicurezza dei box, scorrimento delle acque reflue e non solo erano i punti da attenzionare, ma secondo il Comune tutto \u00e8 stato fatto secondo le norme vigenti. Interventi che riguardano soprattutto gli spazi destinati ai commercianti che vengono generi alimentari come carni, pesce e salumi, categorie alimentari su cui pendono i parametri imposti dal Ministero della Salute nel 2002.<\/p>\n<p style=\"text-align: justify\">Superati anche gli impedimenti viari. Il parere negativo del Dipartimento alla Mobilit\u00e0, ha tenuto in stand-by il procedimento per almeno due anni, ma l\u2019Atm ha eseguito tutti gli interventi richiesti in via Alessio Valore, compresa la realizzazione delle strisce blu alle spalle e nei dintorni dell\u2019area.<\/p>\n<p style=\"text-align: justify\">Cosa manca quindi? Per ultimare il puzzle manca l\u2019allaccio all\u2019energia elettrica: \u201c<em>Siamo ormai al chilometro finale \u2013 ha commentato l\u2019assessore allo sviluppo economico, Guido Signorino &#8211; questione dell\u2019energia elettrica non dipende da noi ma dall\u2019Enel. Ho chiesto ai commercianti di produrre un documento da inviare all\u2019azienda, da quel che mi risulta \u00e8 stato fatto tutto nella giornata di ieri\u201d. <\/em><\/p>\n","protected":false},"excerpt":{"rendered":"<p>Non dovrebbe mancare molto al trasferimento dei commercianti del mercato Zaera al mercato Ittico, fattore atteso ormai da oltre vent&#8217;anni. Il definitivo via libera \u00e8 arrivato l&#8217;8 novembre scorso, dopo l&#8217;approvazione della delibera da parte del Consiglio Comunale, che sembrava aver aperto alla possibilit\u00e0 affinch\u00e8 il trasferimento si potesse concretizzare entro le scorse festivit\u00e0 natalizie [&hellip;]<\/p>\n","protected":false},"author":1,"featured_media":9351,"comment_status":"closed","ping_status":"open","sticky":false,"template":"","format":"standard","meta":{"ub_ctt_via":"","_mi_skip_tracking":false},"categories":[6],"tags":[],"featured_image_src":"https:\/\/www.messinaoggi.it\/website\/wp-content\/uploads\/2017\/10\/comm-bilancio-signorinoRRP_9924.jpg","author_info":{"display_name":"admin@admin.com","author_link":"https:\/\/www.messinaoggi.it\/website\/author\/adminadmin-com\/"},"digistream_id":0,"digistream":false,"_links":{"self":[{"href":"https:\/\/www.messinaoggi.it\/website\/wp-json\/wp\/v2\/posts\/15323"}],"collection":[{"href":"https:\/\/www.messinaoggi.it\/website\/wp-json\/wp\/v2\/posts"}],"about":[{"href":"https:\/\/www.messinaoggi.it\/website\/wp-json\/wp\/v2\/types\/post"}],"author":[{"embeddable":true,"href":"https:\/\/www.messinaoggi.it\/website\/wp-json\/wp\/v2\/users\/1"}],"replies":[{"embeddable":true,"href":"https:\/\/www.messinaoggi.it\/website\/wp-json\/wp\/v2\/comments?post=15323"}],"version-history":[{"count":0,"href":"https:\/\/www.messinaoggi.it\/website\/wp-json\/wp\/v2\/posts\/15323\/revisions"}],"wp:featuredmedia":[{"embeddable":true,"href":"https:\/\/www.messinaoggi.it\/website\/wp-json\/wp\/v2\/media\/9351"}],"wp:attachment":[{"href":"https:\/\/www.messinaoggi.it\/website\/wp-json\/wp\/v2\/media?parent=15323"}],"wp:term":[{"taxonomy":"category","embeddable":true,"href":"https:\/\/www.messinaoggi.it\/website\/wp-json\/wp\/v2\/categories?post=15323"},{"taxonomy":"post_tag","embeddable":true,"href":"https:\/\/www.messinaoggi.it\/website\/wp-json\/wp\/v2\/tags?post=15323"}],"curies":[{"name":"wp","href":"https:\/\/api.w.org\/{rel}","templated":true}]}}