{"id":153213,"date":"2023-04-30T15:07:57","date_gmt":"2023-04-30T13:07:57","guid":{"rendered":"https:\/\/www.messinaoggi.it\/website\/2023\/04\/30\/perez-vince-a-baku-davanti-a-verstappen-leclerc-sul-podio\/"},"modified":"2023-04-30T15:07:57","modified_gmt":"2023-04-30T13:07:57","slug":"perez-vince-a-baku-davanti-a-verstappen-leclerc-sul-podio","status":"publish","type":"post","link":"https:\/\/www.messinaoggi.it\/website\/2023\/04\/30\/perez-vince-a-baku-davanti-a-verstappen-leclerc-sul-podio\/","title":{"rendered":"Perez vince a Baku davanti a Verstappen, Leclerc sul podio"},"content":{"rendered":"<div>BAKU (AZERBAIJAN) (ITALPRESS) &#8211; Sergio Perez vince il Gran Premio dell&#8217;Azerbaijan, al termine di una gara dominata nella quale il messicano \u00e8 anche riuscito a mettersi dietro il compagno di squadra Max Verstappen. Uno-due Red Bull e terzo posto per Charles Leclerc, che conquista il primo podio stagionale suo e della Ferrari, facendo meglio del compagno di scuderia Carlos Sainz, solo quinto dietro al connazionale dell&#8217;Aston Martin, lo spagnolo Fernando Alonso. Sesto e settimo posto per Lewis Hamilton e Lance Stroll, con George Russell, Lando Norris e Yuki Tsunoda che chiudono la top ten dei piloti a punti in questo quarto appuntamento del Mondiale 2023 di F1. &#8220;Oggi ha funzionato tutto alla perfezione &#8211; esulta Perez, vincitore ieri anche della sprint race &#8211; Siamo riusciti a superare Leclerc presto e a mettere pressione su Verstappen, avendo poco degrado gomme dopo il primo pit stop. La gara si \u00e8 messa subito bene, dopo la Safety Car invece \u00e8 stato diverso, con tutte le vetture raggruppate e il ritmo di molti che \u00e8 aumentato di molto. Il modo in cui Verstappen ha messo pressione durante tutta la gara mi ha reso la vita difficile. Ho sbattuto un paio di volte nel muro, ma per fortuna l&#8217;anteriore destra ha retto molto bene&#8221;. <br \/>&#8211; foto LivePhotoSport &#8211; <br \/>(ITALPRESS).<\/div>\n<div id=\"div-gpt-ad-Messinaoggi.it-DSK-300x250-corpoart\" style=\"text-align:center;margin:0 auto;\"><\/div><\/p><div id=\"videoincontent\" style=\"clear:both\";><\/div>","protected":false},"excerpt":{"rendered":"<p>BAKU (AZERBAIJAN) (ITALPRESS) &#8211; Sergio Perez vince il Gran Premio dell&#8217;Azerbaijan, al termine di una gara dominata nella quale il messicano \u00e8 anche riuscito a mettersi dietro il compagno di squadra Max Verstappen. Uno-due Red Bull e terzo posto per Charles Leclerc, che conquista il primo podio stagionale suo e della Ferrari, facendo meglio del [&hellip;]<\/p>\n","protected":false},"author":18,"featured_media":153214,"comment_status":"closed","ping_status":"closed","sticky":false,"template":"","format":"standard","meta":{"ub_ctt_via":"","_mi_skip_tracking":false},"categories":[446],"tags":[783],"featured_image_src":"https:\/\/www.messinaoggi.it\/website\/wp-content\/uploads\/2023\/04\/20230430_0306.jpg","author_info":{"display_name":"Admin","author_link":"https:\/\/www.messinaoggi.it\/website\/author\/admin\/"},"digistream_id":0,"digistream":false,"_links":{"self":[{"href":"https:\/\/www.messinaoggi.it\/website\/wp-json\/wp\/v2\/posts\/153213"}],"collection":[{"href":"https:\/\/www.messinaoggi.it\/website\/wp-json\/wp\/v2\/posts"}],"about":[{"href":"https:\/\/www.messinaoggi.it\/website\/wp-json\/wp\/v2\/types\/post"}],"author":[{"embeddable":true,"href":"https:\/\/www.messinaoggi.it\/website\/wp-json\/wp\/v2\/users\/18"}],"replies":[{"embeddable":true,"href":"https:\/\/www.messinaoggi.it\/website\/wp-json\/wp\/v2\/comments?post=153213"}],"version-history":[{"count":0,"href":"https:\/\/www.messinaoggi.it\/website\/wp-json\/wp\/v2\/posts\/153213\/revisions"}],"wp:featuredmedia":[{"embeddable":true,"href":"https:\/\/www.messinaoggi.it\/website\/wp-json\/wp\/v2\/media\/153214"}],"wp:attachment":[{"href":"https:\/\/www.messinaoggi.it\/website\/wp-json\/wp\/v2\/media?parent=153213"}],"wp:term":[{"taxonomy":"category","embeddable":true,"href":"https:\/\/www.messinaoggi.it\/website\/wp-json\/wp\/v2\/categories?post=153213"},{"taxonomy":"post_tag","embeddable":true,"href":"https:\/\/www.messinaoggi.it\/website\/wp-json\/wp\/v2\/tags?post=153213"}],"curies":[{"name":"wp","href":"https:\/\/api.w.org\/{rel}","templated":true}]}}