{"id":153192,"date":"2023-04-30T09:07:58","date_gmt":"2023-04-30T07:07:58","guid":{"rendered":"https:\/\/www.messinaoggi.it\/website\/2023\/04\/30\/crosetto-la-linea-sui-vincoli-di-bilancio-cosi-lue-si-dimostra-miope\/"},"modified":"2023-04-30T10:14:06","modified_gmt":"2023-04-30T08:14:06","slug":"crosetto-la-linea-sui-vincoli-di-bilancio-cosi-lue-si-dimostra-miope","status":"publish","type":"post","link":"https:\/\/www.messinaoggi.it\/website\/2023\/04\/30\/crosetto-la-linea-sui-vincoli-di-bilancio-cosi-lue-si-dimostra-miope\/","title":{"rendered":"Crosetto \u201cLa linea sui vincoli di bilancio? Cos\u00ec l\u2019Ue si dimostra miope\u201d"},"content":{"rendered":"<div>ROMA (ITALPRESS) &#8211; &#8220;Solo uno scivolone parlamentare&#8221;. Cos\u00ec il ministro della Difesa, Guido Crosetto, in un&#8217;intervista al Corriere della Sera, commenta quanto avvenuto gioved\u00ec scorso alla Camera per l&#8217;approvazione del Def. &#8220;Il governo non c&#8217;entra. Quel che \u00e8 mancato &#8211; sottolinea Crosetto &#8211; \u00e8 la banale conta dei deputati in Aula. Se ci si accorge che alcuni sono assenti, ci si attiva per recuperare tempo e numeri. E&#8217; il quotidiano lavoro burocratico dei gruppi&#8221;. Secondo il ministro &#8220;la soluzione per non andare sotto in Aula \u00e8 meramente organizzativa, \u00e8 una questione di disciplina interna&#8221;.<br \/>A proposito della proposta Ue del nuovo patto di Stabilit\u00e0, <br \/>afferma: &#8220;\u00e8 il segno di una miopia della Ue non capire che alcune spese, come la Difesa in epoca di guerra, andrebbero scorporate dai vincoli cos\u00ec stringenti del patto di Stabilit\u00e0&#8221;. &#8220;Quanto ai rapporti intra-europei, in un consesso di 27 Paesi \u00e8 giusto confrontarsi. Nessuno detiene la verit\u00e0 assoluta e avere un&#8217;altra idea non vuol dire isolarsi, ma far crescere l&#8217;Unione&#8221;, aggiunge il ministro. Sul Mes dice: &#8220;Il premier e il ministro Giorgetti sanno benissimo cosa fare. Il Mes \u00e8 solo uno dei molti, importanti argomenti. La contrattazione su scelte fondamentali, tra l&#8217;altro collegate, \u00e8 normale dialettica&#8221;.<br \/>-foto agenziafotogramma.it-<br \/>(ITALPRESS).<\/div>\n<div id=\"div-gpt-ad-Messinaoggi.it-DSK-300x250-corpoart\" style=\"text-align:center;margin:0 auto;\"><\/div><\/p><div id=\"videoincontent\" style=\"clear:both\";><\/div>","protected":false},"excerpt":{"rendered":"<p>ROMA (ITALPRESS) &#8211; &#8220;Solo uno scivolone parlamentare&#8221;. Cos\u00ec il ministro della Difesa, Guido Crosetto, in un&#8217;intervista al Corriere della Sera, commenta quanto avvenuto gioved\u00ec scorso alla Camera per l&#8217;approvazione del Def. &#8220;Il governo non c&#8217;entra. Quel che \u00e8 mancato &#8211; sottolinea Crosetto &#8211; \u00e8 la banale conta dei deputati in Aula. Se ci si accorge [&hellip;]<\/p>\n","protected":false},"author":18,"featured_media":153193,"comment_status":"closed","ping_status":"closed","sticky":false,"template":"","format":"standard","meta":{"ub_ctt_via":"","_mi_skip_tracking":false},"categories":[446,4],"tags":[783],"featured_image_src":"https:\/\/www.messinaoggi.it\/website\/wp-content\/uploads\/2023\/04\/20230430_0063.jpg","author_info":{"display_name":"Admin","author_link":"https:\/\/www.messinaoggi.it\/website\/author\/admin\/"},"digistream_id":0,"digistream":false,"_links":{"self":[{"href":"https:\/\/www.messinaoggi.it\/website\/wp-json\/wp\/v2\/posts\/153192"}],"collection":[{"href":"https:\/\/www.messinaoggi.it\/website\/wp-json\/wp\/v2\/posts"}],"about":[{"href":"https:\/\/www.messinaoggi.it\/website\/wp-json\/wp\/v2\/types\/post"}],"author":[{"embeddable":true,"href":"https:\/\/www.messinaoggi.it\/website\/wp-json\/wp\/v2\/users\/18"}],"replies":[{"embeddable":true,"href":"https:\/\/www.messinaoggi.it\/website\/wp-json\/wp\/v2\/comments?post=153192"}],"version-history":[{"count":1,"href":"https:\/\/www.messinaoggi.it\/website\/wp-json\/wp\/v2\/posts\/153192\/revisions"}],"predecessor-version":[{"id":153196,"href":"https:\/\/www.messinaoggi.it\/website\/wp-json\/wp\/v2\/posts\/153192\/revisions\/153196"}],"wp:featuredmedia":[{"embeddable":true,"href":"https:\/\/www.messinaoggi.it\/website\/wp-json\/wp\/v2\/media\/153193"}],"wp:attachment":[{"href":"https:\/\/www.messinaoggi.it\/website\/wp-json\/wp\/v2\/media?parent=153192"}],"wp:term":[{"taxonomy":"category","embeddable":true,"href":"https:\/\/www.messinaoggi.it\/website\/wp-json\/wp\/v2\/categories?post=153192"},{"taxonomy":"post_tag","embeddable":true,"href":"https:\/\/www.messinaoggi.it\/website\/wp-json\/wp\/v2\/tags?post=153192"}],"curies":[{"name":"wp","href":"https:\/\/api.w.org\/{rel}","templated":true}]}}