{"id":153189,"date":"2023-04-30T09:02:49","date_gmt":"2023-04-30T07:02:49","guid":{"rendered":"http:\/\/www.messinaoggi.it\/website\/?p=153189"},"modified":"2023-04-30T09:02:50","modified_gmt":"2023-04-30T07:02:50","slug":"morti-sul-lavoro-una-strage-continua","status":"publish","type":"post","link":"https:\/\/www.messinaoggi.it\/website\/2023\/04\/30\/morti-sul-lavoro-una-strage-continua\/","title":{"rendered":"Morti sul lavoro, una strage continua"},"content":{"rendered":"\n<p><strong>In zona rossa nel primo trimestre 2023 con un\u2019incidenza superiore al 25% rispetto alla media nazionale (Im=Indice incidenza medio, pari a 6,4 morti sul lavoro ogni milione di lavoratori) sono: Valle D\u2019Aosta, Umbria, Abruzzo, Marche e Piemonte. In zona arancione: Veneto, Sicilia e Lombardia. In zona gialla: Campania, Friuli Venezia Giulia, Lazio, Puglia, Emilia Romagna, Sardegna, Toscana e Liguria. In zona bianca: Trentino Alto Adige, Calabria, Basilicata e Molise.<\/strong><div id=\"div-gpt-ad-Messinaoggi.it-DSK-300x250-corpoart\" style=\"text-align:center;margin:0 auto;\"><\/div><\/p>\n\n\n\n<p>(In allegato e sul sito\u00a0<a rel=\"noreferrer noopener\" href=\"https:\/\/app3.salesmanago.pl\/smrd.htm?url=https%3A%2F%2Fwww.vegaengineering.com%2Fosservatorio%2F&amp;smclient=ab89eedf-130f-11ed-b03e-18cf24ce389f&amp;utm_medium=email&amp;utm_campaign=CS_MORTI_LAVORO_NAZIONALE_28_04_23&amp;smconv=5f4c2131-f95a-4a55-954e-8c33ae892e58&amp;smlid=4\" target=\"_blank\">https:\/\/www.vegaengineering.com\/osservatorio\/<\/a>\u00a0sono disponibili i grafici e i dati).<div id=\"videoincontent\" style=\"clear:both\";><\/div><\/p>\n\n\n\n<figure class=\"wp-block-image size-large is-resized\"><img loading=\"lazy\" src=\"https:\/\/www.messinaoggi.it\/website\/wp-content\/uploads\/2023\/04\/c1m5fd2ks1w96337.png\" alt=\"\" class=\"wp-image-153190\" width=\"572\" height=\"727\" srcset=\"https:\/\/www.messinaoggi.it\/website\/wp-content\/uploads\/2023\/04\/c1m5fd2ks1w96337.png 313w, https:\/\/www.messinaoggi.it\/website\/wp-content\/uploads\/2023\/04\/c1m5fd2ks1w96337-236x300.png 236w\" sizes=\"(max-width: 572px) 100vw, 572px\" \/><figcaption><strong>Il grafico degli incidenti sul lavoro in Italia<\/strong><\/figcaption><\/figure>\n\n\n\n<p>\u201cL\u2019emergenza morti sul lavoro nel nostro Paese continua a rappresentare una dolorosa battaglia. Specie quando parliamo di lavoratori giovanissimi. Infatti, l\u2019incidenza di mortalit\u00e0 di chi ha un\u2019et\u00e0 compresa tra i 15 e i 24 anni \u00e8 quasi doppia di quella dei colleghi che hanno un\u2019et\u00e0 compresa tra i 25 e 34 anni (5,2 contro 2,9). Se dal confronto con l\u2019anno scorso possiamo considerare positivamente la diminuzione del 25% degli infortuni denunciati, dobbiamo per\u00f2 ricordare che nel 2022 ed in particolare nei primi mesi dell\u2019anno, erano ancora molti gli infortuni denunciati connessi al Covid. Questo fa pensare che la flessione rilevata in questi primi 3 mesi sia dovuta alla scomparsa del fenomeno Covid dalle statistiche sugli infortuni, e non a una riduzione degli infortuni direttamente connessi alle attivit\u00e0 lavorative\u201d.<\/p>\n\n\n\n<p>Quindi neppure a chiusura del primo trimestre 2023 ci sono buone speranze per un\u2019inversione di tendenza per <a href=\"https:\/\/app3.salesmanago.pl\/smrd.htm?url=https%3A%2F%2Fwww.linkedin.com%2Fin%2Fmaurorossato%2F&amp;smclient=ab89eedf-130f-11ed-b03e-18cf24ce389f&amp;utm_medium=email&amp;utm_campaign=CS_MORTI_LAVORO_NAZIONALE_28_04_23&amp;smconv=5f4c2131-f95a-4a55-954e-8c33ae892e58&amp;smlid=5\" target=\"_blank\" rel=\"noreferrer noopener\">Mauro Rossato<\/a>, Presidente dell\u2019<a href=\"https:\/\/app3.salesmanago.pl\/smrd.htm?url=https%3A%2F%2Fwww.vegaengineering.com%2Fosservatorio%2F&amp;smclient=ab89eedf-130f-11ed-b03e-18cf24ce389f&amp;utm_medium=email&amp;utm_campaign=CS_MORTI_LAVORO_NAZIONALE_28_04_23&amp;smconv=5f4c2131-f95a-4a55-954e-8c33ae892e58&amp;smlid=6\" target=\"_blank\" rel=\"noreferrer noopener\">Osservatorio<\/a> Sicurezza sul Lavoro <a href=\"https:\/\/app3.salesmanago.pl\/smrd.htm?url=https%3A%2F%2Fwww.vegaengineering.com&amp;smclient=ab89eedf-130f-11ed-b03e-18cf24ce389f&amp;utm_medium=email&amp;utm_campaign=CS_MORTI_LAVORO_NAZIONALE_28_04_23&amp;smconv=5f4c2131-f95a-4a55-954e-8c33ae892e58&amp;smlid=7\" target=\"_blank\" rel=\"noreferrer noopener\">Vega Engineering<\/a> di Mestre. Le ultime proiezioni elaborate dal proprio team di esperti sono ancora inesorabilmente drammatiche. Specie per le nuove generazioni di lavoratori.<\/p>\n\n\n\n<p><strong>L\u2019incidenza di mortalit\u00e0 minima viene rilevata invece tra i 25 e i 34 anni, (pari a 2,9 infortuni per milione di occupati), mentre la pi\u00f9 elevata nella fascia dei lavoratori ultrasessantacinquenni (18,9) con la fascia di lavoratori compresi tra i 55 e i 64 anni (12,7).<\/strong><\/p>\n\n\n\n<p>Intanto gli stranieri deceduti in occasione di lavoro sono 23 su 148.<strong> Con un rischio di morte sul lavoro superiore rispetto agli italiani. Gli stranieri infatti registrano 9,7 morti ogni milione di occupati, contro 6,0 italiani che perdono la vita durante il lavoro ogni milione di occupati.<\/strong><\/p>\n\n\n\n<p><strong>I<\/strong><strong><em> NUMERI ASSOLUTI DELLE MORTI SUL LAVORO E DEGLI INFORTUNI IN ITALIA NEL PRIMO TRIMESTRE 2023<\/em><\/strong><\/p>\n\n\n\n<p><strong>MORTI<\/strong>. Nuovamente alla Lombardia la maglia nera per il numero di vittime in occasione di lavoro (29). Seguono: Piemonte (16), Veneto (15), Lazio (13), Emilia Romagna (11), Campania (10), Sicilia (9), Toscana (8), Puglia (7), Marche e Umbria (6), Abruzzo (5), Sardegna, Liguria e Friuli Venezia Giulia (3), Trentino Alto Adige (2), Valle d\u2019Aosta e Calabria (1).<\/p>\n\n\n\n<p>Nel primo trimestre del 2023 \u00e8 il settore Trasporti e Magazzinaggio a registrare il maggior numero di decessi in occasione di lavoro: sono 30. Ed \u00e8 seguito dalle Costruzioni e dalle Attivit\u00e0 Manifatturiere (14).<\/p>\n\n\n\n<p>La fascia d\u2019et\u00e0 numericamente pi\u00f9 colpita dagli infortuni mortali sul lavoro \u00e8 sempre quella tra i 55 e i 64 anni (61 su un totale di 148).<\/p>\n\n\n\n<p>Le donne che hanno perso la vita in occasione di lavoro da gennaio a marzo 2023 sono 15; mentre in 7 hanno perso la vita in itinere, cio\u00e8 nel percorso casa-lavoro.<\/p>\n\n\n\n<p>Gli stranieri deceduti in occasione di lavoro sono 23, mentre sono 10 quelli che sono deceduti a causa di un infortunio in itinere.<\/p>\n\n\n\n<p>Il mercoled\u00ec e il venerd\u00ec sono i giorni della settimana in cui si \u00e8 verificato il maggior numero di infortuni mortali nel primo trimestre dell\u2019anno (18,9%).<\/p>\n\n\n\n<p><strong>INFORTUNI<\/strong>. Le denunce di infortunio sono in diminuzione del 25,5% rispetto a fine marzo 2022. Erano infatti 194.106 a marzo 2022. Nel 2023 sono scese a 144.586. E la flessione pi\u00f9 evidente \u00e8 quella rilevata nel settore della Sanit\u00e0 (lo scorso anno le denunce erano 29.931, mentre a fine marzo 2023 sono diventate 6.929). Questo fa pensare che la riduzione sia in realt\u00e0 dovuta esclusivamente alla scomparsa degli infortuni connessi al Covid dalle statistiche. Basti ricordare che nelle statistiche di fine anno si stimava che circa il 17% degli infortuni denunciati nel corso del 2022 fossero correlati al virus.<\/p>\n\n\n\n<p>Nella graduatoria del nuovo anno per settore, il maggior numero di denunce arriva dalle Attivit\u00e0 Manifatturiere (16.382), seguita dalla Sanit\u00e0 (6.929), dalle Costruzioni (6.854), dai Trasporti (6.826) e dal Commercio (6.560).<\/p>\n\n\n\n<p>Le denunce di infortunio delle lavoratrici italiane nel primo trimestre dell\u2019anno sono state 52.956, quelle dei colleghi uomini 91.630.<\/p>\n\n\n\n<p><strong>Ultimo, ma non meno importante il dato relativo alle denunce degli infortuni dei giovanissimi. Fino a 14 anni si rilevano 16.582 denunce (oltre il 10% del totale).<\/strong><\/p>\n","protected":false},"excerpt":{"rendered":"<p>In zona rossa nel primo trimestre 2023 con un\u2019incidenza superiore al 25% rispetto alla media nazionale (Im=Indice incidenza medio, pari a 6,4 morti sul lavoro ogni milione di lavoratori) sono: Valle D\u2019Aosta, Umbria, Abruzzo, Marche e Piemonte. In zona arancione: Veneto, Sicilia e Lombardia. In zona gialla: Campania, Friuli Venezia Giulia, Lazio, Puglia, Emilia Romagna, [&hellip;]<\/p>\n","protected":false},"author":2,"featured_media":143278,"comment_status":"open","ping_status":"open","sticky":false,"template":"","format":"standard","meta":{"ub_ctt_via":"","_mi_skip_tracking":false},"categories":[19],"tags":[2332,7669,7670],"featured_image_src":"https:\/\/www.messinaoggi.it\/website\/wp-content\/uploads\/2023\/02\/controllo-cantiere.jpeg","author_info":{"display_name":"Redazione","author_link":"https:\/\/www.messinaoggi.it\/website\/author\/redazione\/"},"digistream_id":0,"digistream":false,"_links":{"self":[{"href":"https:\/\/www.messinaoggi.it\/website\/wp-json\/wp\/v2\/posts\/153189"}],"collection":[{"href":"https:\/\/www.messinaoggi.it\/website\/wp-json\/wp\/v2\/posts"}],"about":[{"href":"https:\/\/www.messinaoggi.it\/website\/wp-json\/wp\/v2\/types\/post"}],"author":[{"embeddable":true,"href":"https:\/\/www.messinaoggi.it\/website\/wp-json\/wp\/v2\/users\/2"}],"replies":[{"embeddable":true,"href":"https:\/\/www.messinaoggi.it\/website\/wp-json\/wp\/v2\/comments?post=153189"}],"version-history":[{"count":1,"href":"https:\/\/www.messinaoggi.it\/website\/wp-json\/wp\/v2\/posts\/153189\/revisions"}],"predecessor-version":[{"id":153191,"href":"https:\/\/www.messinaoggi.it\/website\/wp-json\/wp\/v2\/posts\/153189\/revisions\/153191"}],"wp:featuredmedia":[{"embeddable":true,"href":"https:\/\/www.messinaoggi.it\/website\/wp-json\/wp\/v2\/media\/143278"}],"wp:attachment":[{"href":"https:\/\/www.messinaoggi.it\/website\/wp-json\/wp\/v2\/media?parent=153189"}],"wp:term":[{"taxonomy":"category","embeddable":true,"href":"https:\/\/www.messinaoggi.it\/website\/wp-json\/wp\/v2\/categories?post=153189"},{"taxonomy":"post_tag","embeddable":true,"href":"https:\/\/www.messinaoggi.it\/website\/wp-json\/wp\/v2\/tags?post=153189"}],"curies":[{"name":"wp","href":"https:\/\/api.w.org\/{rel}","templated":true}]}}