{"id":153131,"date":"2023-04-30T00:07:53","date_gmt":"2023-04-29T22:07:53","guid":{"rendered":"https:\/\/www.messinaoggi.it\/website\/2023\/04\/29\/1-maggio-mattarella-il-lavoro-antidoto-contro-lillegalita\/"},"modified":"2023-04-30T08:42:16","modified_gmt":"2023-04-30T06:42:16","slug":"1-maggio-mattarella-il-lavoro-antidoto-contro-lillegalita","status":"publish","type":"post","link":"https:\/\/www.messinaoggi.it\/website\/2023\/04\/30\/1-maggio-mattarella-il-lavoro-antidoto-contro-lillegalita\/","title":{"rendered":"1 maggio, Mattarella \u201cIl lavoro antidoto contro l\u2019illegalit\u00e0\u201d"},"content":{"rendered":"<div>REGGIO EMILIA (ITALPRESS) &#8211; Il presidente della Repubblica, Sergio Mattarella, accompagnato dal ministro del Lavoro, Marina Calderone, ha anticipato la celebrazione della Festa del Lavoro facendo visita al distretto della Meccatronica di Reggio Emilia, una delle eccellenze del Paese, che conta circa 400 aziende. Ad accogliere il Capo dello Stato il presidente della Regione Emilia-Romagna, Stefano Bonaccini, i sindaci di Reggio Emilia e Cavriago, il presidente della Provincia, oltre ai vertici di Unindustria Reggio Emilia, rappresentati dalla presidente Roberta Anceschi e dal direttore generale, Vanes Fontana. Parlando alle lavoratrici e ai lavoratori del distretto Mattarella ha sottolineato il valore del lavoro (&#8220;\u00e8 stato lo strumento che ha permesso e favorito la mobilit\u00e0 sociale&#8221;, e della sua dignit\u00e0 (&#8220;Il lavoro \u00e8 ci\u00f2 che mette ogni cittadino nella condizione di scegliere il proprio posto nella vita della comunit\u00e0. E&#8217; antidoto per combattere in modo proficuo discriminazioni e<br \/>\nillegalit\u00e0 diffuse&#8221;). Allo stesso tempo Mattarella ha toccato i temi dello sfruttamento del lavoro minorile, che &#8220;costituisce un grave furto di futuro&#8221; e che &#8220;riguarda anche la condizione di molti immigrati&#8221;, e il tema della sicurezza sul lavoro: &#8220;gli infortuni &#8211; ha detto &#8211; distruggono vite, gettano nella disperazione famiglie, provocano danni irreversibili, con costi umani inaccettabili&#8221;.<br \/>\nUn passaggio altrettanto importante ha toccato poi il tema della precariet\u00e0 del lavoro. &#8220;Persistono &#8211; ha detto il Capo dello Stato &#8211; frammentazione e precariet\u00e0, condizioni di lavoro insicure, divari salariali, costo della vita in aumento, in funzione anche delle tensioni internazionali in atto. Stagnazione salariale e sicurezza sul lavoro, nonostante i passi compiuti, sono temi in perenne discussione&#8221;. Ed ha aggiunto: &#8220;La precariet\u00e0 come sistema stride con le finalit\u00e0 di crescita e di sviluppo&#8221;. Uno sviluppo che per Mattarella non pu\u00f2 prescindere dalle nuove sfide che investono il sistema della produzione. &#8220;Se siamo usciti a testa alta dalla pandemia, e dalle pi\u00f9 pesanti conseguenze sociali dovute al prolungato rallentamento delle attivit\u00e0, lo dobbiamo anche alla forza della nostra industria manifatturiera, e dentro di essa, alle aziende pi\u00f9 innovative e protese sui mercati internazionali&#8221;.<br \/>\nIl presidente ha quindi invitato a creare &#8220;filiere produttive accompagnate da dialogo sociale e da rapporto costruttivo con le istituzioni&#8221;, spiegando che per &#8220;difendere l&#8217;occupazione&#8221; sono necessari nuovi diritti, come quello &#8220;alla formazione in capo al lavoratore&#8221; che Mattarella ha definito &#8220;un vero e proprio diritto soggettivo&#8221;. Poi un invito rivolto anche alle istituzioni: &#8220;Ampliare la base del lavoro, e la sua qualit\u00e0, deve essere assillo costante a ogni livello, a partire dalle istituzioni&#8221;. Infine ha concluso: &#8220;Naturalmente, non sar\u00e0 possibile creare nuovo lavoro, sostenere le innovazioni necessarie, affrontare con coraggio e creativit\u00e0 la competizione dei mercati senza il protagonismo delle imprese, grandi, medie e piccole. Senza la partecipazione dei lavoratori e dei sindacati, senza il contributo del Terzo settore, senza l&#8217;apporto del mondo delle professioni. Il Primo maggio di quest&#8217;anno conferma i grandi valori che ispirano questa giornata di Festa per i lavoratori e per l&#8217;intera comunit\u00e0 nazionale. E&#8217; una giornata di impegno, perch\u00e8 sollecita a rendere concreta l&#8217;affermazione che la Repubblica \u00e8 fondata sul lavoro, traguardo a cui tendere costantemente&#8221;.<div id=\"div-gpt-ad-Messinaoggi.it-DSK-300x250-corpoart\" style=\"text-align:center;margin:0 auto;\"><\/div><\/p>\n<p>&#8211; foto agenziafotogramma.it &#8211;<br \/>\n(ITALPRESS).<div id=\"videoincontent\" style=\"clear:both\";><\/div><\/p><\/div>\n","protected":false},"excerpt":{"rendered":"<p>REGGIO EMILIA (ITALPRESS) &#8211; Il presidente della Repubblica, Sergio Mattarella, accompagnato dal ministro del Lavoro, Marina Calderone, ha anticipato la celebrazione della Festa del Lavoro facendo visita al distretto della Meccatronica di Reggio Emilia, una delle eccellenze del Paese, che conta circa 400 aziende. Ad accogliere il Capo dello Stato il presidente della Regione Emilia-Romagna, [&hellip;]<\/p>\n","protected":false},"author":18,"featured_media":153132,"comment_status":"closed","ping_status":"closed","sticky":false,"template":"","format":"standard","meta":{"ub_ctt_via":"","_mi_skip_tracking":false},"categories":[446,4],"tags":[783],"featured_image_src":"https:\/\/www.messinaoggi.it\/website\/wp-content\/uploads\/2023\/04\/20230429_0835.jpg","author_info":{"display_name":"Admin","author_link":"https:\/\/www.messinaoggi.it\/website\/author\/admin\/"},"digistream_id":0,"digistream":false,"_links":{"self":[{"href":"https:\/\/www.messinaoggi.it\/website\/wp-json\/wp\/v2\/posts\/153131"}],"collection":[{"href":"https:\/\/www.messinaoggi.it\/website\/wp-json\/wp\/v2\/posts"}],"about":[{"href":"https:\/\/www.messinaoggi.it\/website\/wp-json\/wp\/v2\/types\/post"}],"author":[{"embeddable":true,"href":"https:\/\/www.messinaoggi.it\/website\/wp-json\/wp\/v2\/users\/18"}],"replies":[{"embeddable":true,"href":"https:\/\/www.messinaoggi.it\/website\/wp-json\/wp\/v2\/comments?post=153131"}],"version-history":[{"count":1,"href":"https:\/\/www.messinaoggi.it\/website\/wp-json\/wp\/v2\/posts\/153131\/revisions"}],"predecessor-version":[{"id":153176,"href":"https:\/\/www.messinaoggi.it\/website\/wp-json\/wp\/v2\/posts\/153131\/revisions\/153176"}],"wp:featuredmedia":[{"embeddable":true,"href":"https:\/\/www.messinaoggi.it\/website\/wp-json\/wp\/v2\/media\/153132"}],"wp:attachment":[{"href":"https:\/\/www.messinaoggi.it\/website\/wp-json\/wp\/v2\/media?parent=153131"}],"wp:term":[{"taxonomy":"category","embeddable":true,"href":"https:\/\/www.messinaoggi.it\/website\/wp-json\/wp\/v2\/categories?post=153131"},{"taxonomy":"post_tag","embeddable":true,"href":"https:\/\/www.messinaoggi.it\/website\/wp-json\/wp\/v2\/tags?post=153131"}],"curies":[{"name":"wp","href":"https:\/\/api.w.org\/{rel}","templated":true}]}}