{"id":153113,"date":"2023-04-30T00:07:56","date_gmt":"2023-04-29T22:07:56","guid":{"rendered":"https:\/\/www.messinaoggi.it\/website\/2023\/04\/29\/pnrr-schlein-governo-rinunciatario-e-senza-visione\/"},"modified":"2023-04-30T08:42:55","modified_gmt":"2023-04-30T06:42:55","slug":"pnrr-schlein-governo-rinunciatario-e-senza-visione","status":"publish","type":"post","link":"https:\/\/www.messinaoggi.it\/website\/2023\/04\/30\/pnrr-schlein-governo-rinunciatario-e-senza-visione\/","title":{"rendered":"Pnrr, Schlein \u201cGoverno rinunciatario e senza visione\u201d"},"content":{"rendered":"<div>NOVI LIGURE (ALESSANDRIA) (ITALPRESS) &#8211; Le amministrative sono &#8220;un grande valore perch\u00e8 c&#8217;\u00e8 bisogno di cambiamento e speranza. Veniamo da anni difficili in cui abbiamo visto acuirsi le disuguaglianze, vedere le Pmi fare fatica e chiudere. Penso alla fatica di un Paese che con questo Governo continua a non darsi un piano industriale. Serve visione. Sul Pnrr c&#8217;\u00e8 un atteggiamento rinunciatario da parte del Governo che continua a essere per noi fonte di grande preoccupazione. Non possiamo permetterci di perdere questa occasione irripetibile per il Paese&#8221;. Lo ha detto la segretaria del Pd, Elly Schlein, parlando con i giornalisti a Novi Ligure dove si trova per sostenere il candidato sindaco Rocchino Muliere. &#8220;Al di l\u00e0 dell&#8217;acronimo, Pnrr vuol dire lavoro di qualit\u00e0, vuol dire buona impresa, vuol dire affrontare la trasformazione digitale per metterla a disposizione anche delle fasce pi\u00f9 fragili della nostra societ\u00e0 &#8211; ha aggiunto Schlein -. Pensate agli investimenti che il governo non sta facendo sulla sanit\u00e0 pubblica universalistica che noi continueremo a difendere. Se la pandemia non ha insegnato a chi governa che c&#8217;\u00e8 bisogno di pi\u00f9 cura delle persone e quindi di pi\u00f9 investimenti nella sanit\u00e0 perch\u00e8 manca personale, perch\u00e8 abbiamo i pronto soccorso in difficolt\u00e0, noi vogliamo investire in una sanit\u00e0 pubblica territoriale di qualit\u00e0&#8221;.<br \/>\nSecondo Schlein &#8220;la maggioranza non \u00e8 neanche in grado di assicurare i suoi larghi numeri in Parlamento per assicurare un documento fondamentale come il Def, che parla delle prospettive economiche del Paese, per le famiglie e le imprese. Siamo qua per dare il senso che c&#8217;\u00e8 un&#8217;alternativa. Dobbiamo credere nei nostri candidati e nelle nostre candidate&#8221;. &#8220;C&#8217;\u00e8 un nuovo Partito democratico che vuole mettere al centro il lavoro di dignit\u00e0, non precario e non povero, la sanit\u00e0, la scuola e il rispetto del clima. Continueremo a insistere per creare un futuro migliore&#8221;, ha concluso.<div id=\"div-gpt-ad-Messinaoggi.it-DSK-300x250-corpoart\" style=\"text-align:center;margin:0 auto;\"><\/div><\/p>\n<p>&#8211; foto agenziafotogramma.it &#8211;<br \/>\n(ITALPRESS).<div id=\"videoincontent\" style=\"clear:both\";><\/div><\/p><\/div>\n","protected":false},"excerpt":{"rendered":"<p>NOVI LIGURE (ALESSANDRIA) (ITALPRESS) &#8211; Le amministrative sono &#8220;un grande valore perch\u00e8 c&#8217;\u00e8 bisogno di cambiamento e speranza. Veniamo da anni difficili in cui abbiamo visto acuirsi le disuguaglianze, vedere le Pmi fare fatica e chiudere. Penso alla fatica di un Paese che con questo Governo continua a non darsi un piano industriale. Serve visione. [&hellip;]<\/p>\n","protected":false},"author":18,"featured_media":153114,"comment_status":"closed","ping_status":"closed","sticky":false,"template":"","format":"standard","meta":{"ub_ctt_via":"","_mi_skip_tracking":false},"categories":[446,4],"tags":[783],"featured_image_src":"https:\/\/www.messinaoggi.it\/website\/wp-content\/uploads\/2023\/04\/20230429_0474.jpg","author_info":{"display_name":"Admin","author_link":"https:\/\/www.messinaoggi.it\/website\/author\/admin\/"},"digistream_id":0,"digistream":false,"_links":{"self":[{"href":"https:\/\/www.messinaoggi.it\/website\/wp-json\/wp\/v2\/posts\/153113"}],"collection":[{"href":"https:\/\/www.messinaoggi.it\/website\/wp-json\/wp\/v2\/posts"}],"about":[{"href":"https:\/\/www.messinaoggi.it\/website\/wp-json\/wp\/v2\/types\/post"}],"author":[{"embeddable":true,"href":"https:\/\/www.messinaoggi.it\/website\/wp-json\/wp\/v2\/users\/18"}],"replies":[{"embeddable":true,"href":"https:\/\/www.messinaoggi.it\/website\/wp-json\/wp\/v2\/comments?post=153113"}],"version-history":[{"count":1,"href":"https:\/\/www.messinaoggi.it\/website\/wp-json\/wp\/v2\/posts\/153113\/revisions"}],"predecessor-version":[{"id":153179,"href":"https:\/\/www.messinaoggi.it\/website\/wp-json\/wp\/v2\/posts\/153113\/revisions\/153179"}],"wp:featuredmedia":[{"embeddable":true,"href":"https:\/\/www.messinaoggi.it\/website\/wp-json\/wp\/v2\/media\/153114"}],"wp:attachment":[{"href":"https:\/\/www.messinaoggi.it\/website\/wp-json\/wp\/v2\/media?parent=153113"}],"wp:term":[{"taxonomy":"category","embeddable":true,"href":"https:\/\/www.messinaoggi.it\/website\/wp-json\/wp\/v2\/categories?post=153113"},{"taxonomy":"post_tag","embeddable":true,"href":"https:\/\/www.messinaoggi.it\/website\/wp-json\/wp\/v2\/tags?post=153113"}],"curies":[{"name":"wp","href":"https:\/\/api.w.org\/{rel}","templated":true}]}}