{"id":15310,"date":"2018-02-07T09:42:01","date_gmt":"2018-02-07T08:42:01","guid":{"rendered":"http:\/\/www.messinaoggi.it\/website\/?p=15310"},"modified":"2018-02-07T09:42:01","modified_gmt":"2018-02-07T08:42:01","slug":"candido-misura-cautelare-sproporzionata-nei-confronti-di-longo","status":"publish","type":"post","link":"https:\/\/www.messinaoggi.it\/website\/2018\/02\/07\/candido-misura-cautelare-sproporzionata-nei-confronti-di-longo\/","title":{"rendered":"Candido: &quot;Misura cautelare sproporzionata nei confronti di Longo&quot;"},"content":{"rendered":"<p class=\"p1\"><span class=\"s1\">&#8220;Quale difensore del Dott. Giancarlo Longo (quest\u2019oggi associato al carcere di Poggioreale) mi spiace dovere rilevare\u00a0<\/span><span class=\"s1\">che mentre alle ore 11,36 l\u2019agenzia Ansa era nelle condizioni di diffondere la notizia degli arresti in oggetto, dando contezza di particolari contenuti delle ordinanze\u00a0<\/span><span class=\"s1\">custodiali emesse dai Gip di Roma e di Messina, al sottoscritto difensore non solo non \u00e8 stato ancora notificato il detto provvedimento ma addirittura la cancelleria\u00a0<\/span><span class=\"s1\">dell&#8217;Ufficio Gip non mi ha potuto mettere a disposizione gli atti ostensibili in quanto (almeno fino alle ore 13,00) non vi era prova dell\u2019integrale esecuzione dell\u2019ordinanza&#8221;.<\/span><div id=\"div-gpt-ad-Messinaoggi.it-DSK-300x250-corpoart\" style=\"text-align:center;margin:0 auto;\"><\/div><\/p>\n<p>A dichiararlo \u00e8 l&#8217;avvocato messinese Bonni Candido, legale del magistrato di Siracusa finito in carcere a seguito dell&#8217;inchiesta su presunti depistaggi e processi aggiustati.<div id=\"videoincontent\" style=\"clear:both\";><\/div><\/p>\n<p class=\"p1\"><span class=\"s1\">&#8220;E\u2019 disarmante constatare che ancora una volta l\u2019opinione pubblica venga informata prima del difensore e che, a distanza di diverse ore dall\u2019arresto del mio assistito, io non sia ancora nelle condizioni di svolgere alcuna attivit\u00e0 difensiva.\u00a0<\/span><span class=\"s1\">Nel merito intendo da subito evidenziare la sproporzione della misura tenuto anche conto che il mio assistito, da diversi mesi, \u00e8 stato trasferito a Napoli (sezione distaccata di Ischia) dove svolge funzioni non pi\u00f9 di P.M. bens\u00ec di Giudice dell\u2019esecuzione civile.\u00a0<\/span>Ictu oculi l\u2019ordinanza non pu\u00f2, quindi, non essere carente dei requisiti di attualit\u00e0 e pericolo di reiterazione di reati.\u00a0<span class=\"s1\">Non appena avr\u00f2 contezza degli atti far\u00f2 certamente ricorso al Tribunale del riesame ma voglio anche evidenziare che il mio assistito, pochi giorni fa, ha presentato alla Procura di Messina due\u00a0<\/span><span class=\"s1\">corpose e circostanziate denunzie sui fatti oggetto del procedimento in questione che, a mio giudizio, avrebbero dovuto essere approfondite prima di chiedere e disporre la misura nei di lui confronti.-<\/span><\/p>\n<p class=\"p1\"><span class=\"s1\">Certamente nell\u2019interrogatorio di garanzia il dott. Longo offrir\u00e0 alla valutazione del Gip trancianti elementi a propria difesa e approfondir\u00e0 i temi delle citate denunzie e da ci\u00f2 non potr\u00e0 che emergere una ben diversa ricostruzione degli accadimenti oggetto di contestazione.-<\/span><\/p>\n","protected":false},"excerpt":{"rendered":"<p>&#8220;Quale difensore del Dott. Giancarlo Longo (quest\u2019oggi associato al carcere di Poggioreale) mi spiace dovere rilevare\u00a0che mentre alle ore 11,36 l\u2019agenzia Ansa era nelle condizioni di diffondere la notizia degli arresti in oggetto, dando contezza di particolari contenuti delle ordinanze\u00a0custodiali emesse dai Gip di Roma e di Messina, al sottoscritto difensore non solo non \u00e8 [&hellip;]<\/p>\n","protected":false},"author":2,"featured_media":10356,"comment_status":"closed","ping_status":"open","sticky":false,"template":"","format":"standard","meta":{"ub_ctt_via":"","_mi_skip_tracking":false},"categories":[6],"tags":[],"featured_image_src":"https:\/\/www.messinaoggi.it\/website\/wp-content\/uploads\/2017\/10\/tribunale-di-messina.jpg","author_info":{"display_name":"Redazione","author_link":"https:\/\/www.messinaoggi.it\/website\/author\/redazione\/"},"digistream_id":0,"digistream":false,"_links":{"self":[{"href":"https:\/\/www.messinaoggi.it\/website\/wp-json\/wp\/v2\/posts\/15310"}],"collection":[{"href":"https:\/\/www.messinaoggi.it\/website\/wp-json\/wp\/v2\/posts"}],"about":[{"href":"https:\/\/www.messinaoggi.it\/website\/wp-json\/wp\/v2\/types\/post"}],"author":[{"embeddable":true,"href":"https:\/\/www.messinaoggi.it\/website\/wp-json\/wp\/v2\/users\/2"}],"replies":[{"embeddable":true,"href":"https:\/\/www.messinaoggi.it\/website\/wp-json\/wp\/v2\/comments?post=15310"}],"version-history":[{"count":0,"href":"https:\/\/www.messinaoggi.it\/website\/wp-json\/wp\/v2\/posts\/15310\/revisions"}],"wp:featuredmedia":[{"embeddable":true,"href":"https:\/\/www.messinaoggi.it\/website\/wp-json\/wp\/v2\/media\/10356"}],"wp:attachment":[{"href":"https:\/\/www.messinaoggi.it\/website\/wp-json\/wp\/v2\/media?parent=15310"}],"wp:term":[{"taxonomy":"category","embeddable":true,"href":"https:\/\/www.messinaoggi.it\/website\/wp-json\/wp\/v2\/categories?post=15310"},{"taxonomy":"post_tag","embeddable":true,"href":"https:\/\/www.messinaoggi.it\/website\/wp-json\/wp\/v2\/tags?post=15310"}],"curies":[{"name":"wp","href":"https:\/\/api.w.org\/{rel}","templated":true}]}}