{"id":153091,"date":"2023-04-29T11:41:19","date_gmt":"2023-04-29T09:41:19","guid":{"rendered":"http:\/\/www.messinaoggi.it\/website\/?p=153091"},"modified":"2023-04-29T11:41:21","modified_gmt":"2023-04-29T09:41:21","slug":"fipe-promuove-la-giornata-della-ristorazione","status":"publish","type":"post","link":"https:\/\/www.messinaoggi.it\/website\/2023\/04\/29\/fipe-promuove-la-giornata-della-ristorazione\/","title":{"rendered":"Fipe promuove la Giornata della ristorazione"},"content":{"rendered":"\n<p>Oggi la Giornata della ristorazione. &#8220;Una grande festa internazionale voluta e promossa da Fipe, in collaborazione con il Ministero dell\u2019Agricoltura e il Ministero del Turismo. Una giornata straordinaria che vede coinvolti ristoratori di ogni livello, trattorie, osterie, pizzerie, taverne, che oggi inseriranno nel proprio men\u00f9 una ricetta appositamente dedicata alla Giornata il cui motivo centrale \u00e8 il pane, simbolo antico del convivio e della manualit\u00e0 dell\u2019uomo che da sempre lavora le materie prime per trarne nutrimento.<div id=\"div-gpt-ad-Messinaoggi.it-DSK-300x250-corpoart\" style=\"text-align:center;margin:0 auto;\"><\/div><\/p>\n\n\n\n<figure class=\"wp-block-image size-large\"><img loading=\"lazy\" width=\"1024\" height=\"768\" src=\"http:\/\/www.messinaoggi.it\/website\/wp-content\/uploads\/2023\/04\/Giornata-della-ristorazione-2.jpeg\" alt=\"\" class=\"wp-image-153102\" srcset=\"https:\/\/www.messinaoggi.it\/website\/wp-content\/uploads\/2023\/04\/Giornata-della-ristorazione-2.jpeg 1024w, https:\/\/www.messinaoggi.it\/website\/wp-content\/uploads\/2023\/04\/Giornata-della-ristorazione-2-300x225.jpeg 300w, https:\/\/www.messinaoggi.it\/website\/wp-content\/uploads\/2023\/04\/Giornata-della-ristorazione-2-768x576.jpeg 768w\" sizes=\"(max-width: 1024px) 100vw, 1024px\" \/><\/figure>\n\n\n\n<p><br>Per ogni piatto dedicato alla Giornata e ordinato dai clienti, FIPE devolver\u00e0 1 euro a Caritas Italiana con l\u2019obiettivo di arrivare ad almeno 30.000 euro su tutto il territorio nazionale.<br>Messina \u00e8 stata la prima citt\u00e0 siciliana per adesioni&#8221;.<div id=\"videoincontent\" style=\"clear:both\";><\/div><\/p>\n\n\n\n<p>Cos\u00ec si esprime, in una nota, Fipe Confcommercio.<\/p>\n\n\n\n<figure class=\"wp-block-image size-large\"><img loading=\"lazy\" width=\"768\" height=\"1024\" src=\"http:\/\/www.messinaoggi.it\/website\/wp-content\/uploads\/2023\/04\/Picciotto-ristorazione.jpeg\" alt=\"\" class=\"wp-image-153101\" srcset=\"https:\/\/www.messinaoggi.it\/website\/wp-content\/uploads\/2023\/04\/Picciotto-ristorazione.jpeg 768w, https:\/\/www.messinaoggi.it\/website\/wp-content\/uploads\/2023\/04\/Picciotto-ristorazione-225x300.jpeg 225w\" sizes=\"(max-width: 768px) 100vw, 768px\" \/><figcaption>Carmelo Picciotto di Fipe Confcommercio<\/figcaption><\/figure>\n","protected":false},"excerpt":{"rendered":"<p>Oggi la Giornata della ristorazione. &#8220;Una grande festa internazionale voluta e promossa da Fipe, in collaborazione con il Ministero dell\u2019Agricoltura e il Ministero del Turismo. Una giornata straordinaria che vede coinvolti ristoratori di ogni livello, trattorie, osterie, pizzerie, taverne, che oggi inseriranno nel proprio men\u00f9 una ricetta appositamente dedicata alla Giornata il cui motivo centrale [&hellip;]<\/p>\n","protected":false},"author":15,"featured_media":153103,"comment_status":"open","ping_status":"open","sticky":false,"template":"","format":"standard","meta":{"ub_ctt_via":"","_mi_skip_tracking":false},"categories":[5],"tags":[1736,2717,7649],"featured_image_src":"https:\/\/www.messinaoggi.it\/website\/wp-content\/uploads\/2023\/04\/Giornata-della-ristorazione-1.jpeg","author_info":{"display_name":"red.me","author_link":"https:\/\/www.messinaoggi.it\/website\/author\/red-me\/"},"digistream_id":0,"digistream":false,"_links":{"self":[{"href":"https:\/\/www.messinaoggi.it\/website\/wp-json\/wp\/v2\/posts\/153091"}],"collection":[{"href":"https:\/\/www.messinaoggi.it\/website\/wp-json\/wp\/v2\/posts"}],"about":[{"href":"https:\/\/www.messinaoggi.it\/website\/wp-json\/wp\/v2\/types\/post"}],"author":[{"embeddable":true,"href":"https:\/\/www.messinaoggi.it\/website\/wp-json\/wp\/v2\/users\/15"}],"replies":[{"embeddable":true,"href":"https:\/\/www.messinaoggi.it\/website\/wp-json\/wp\/v2\/comments?post=153091"}],"version-history":[{"count":1,"href":"https:\/\/www.messinaoggi.it\/website\/wp-json\/wp\/v2\/posts\/153091\/revisions"}],"predecessor-version":[{"id":153106,"href":"https:\/\/www.messinaoggi.it\/website\/wp-json\/wp\/v2\/posts\/153091\/revisions\/153106"}],"wp:featuredmedia":[{"embeddable":true,"href":"https:\/\/www.messinaoggi.it\/website\/wp-json\/wp\/v2\/media\/153103"}],"wp:attachment":[{"href":"https:\/\/www.messinaoggi.it\/website\/wp-json\/wp\/v2\/media?parent=153091"}],"wp:term":[{"taxonomy":"category","embeddable":true,"href":"https:\/\/www.messinaoggi.it\/website\/wp-json\/wp\/v2\/categories?post=153091"},{"taxonomy":"post_tag","embeddable":true,"href":"https:\/\/www.messinaoggi.it\/website\/wp-json\/wp\/v2\/tags?post=153091"}],"curies":[{"name":"wp","href":"https:\/\/api.w.org\/{rel}","templated":true}]}}