{"id":153074,"date":"2023-04-29T10:32:16","date_gmt":"2023-04-29T08:32:16","guid":{"rendered":"http:\/\/www.messinaoggi.it\/website\/?p=153074"},"modified":"2023-04-29T10:32:19","modified_gmt":"2023-04-29T08:32:19","slug":"cisl-riapre-la-sede-di-via-bellinziona","status":"publish","type":"post","link":"https:\/\/www.messinaoggi.it\/website\/2023\/04\/29\/cisl-riapre-la-sede-di-via-bellinziona\/","title":{"rendered":"Cisl, riapre la sede di via Bellinziona"},"content":{"rendered":"\n<p>Un altro presidio di diritti sul territorio. Da oggi la rinnovata sede di Messina Nord in via Bellinzona, angolo via Savanarola (pressi piazza Castronovo) offrir\u00e0 i servizi della Cisl, dal Caf all\u2019Inas, dall\u2019Anolf all\u2019Anteas, l\u2019assistenza e il supporto della Cisl Pensionati per lavorare in rete al servizio della comunit\u00e0. A benedire la sede \u00e8 stato mons. Letterio Gulletta.<div id=\"div-gpt-ad-Messinaoggi.it-DSK-300x250-corpoart\" style=\"text-align:center;margin:0 auto;\"><\/div><\/p>\n\n\n\n<p>\u00abPuntiamo ad essere sempre pi\u00f9 un sindacato di prossimit\u00e0 \u2013 ha detto il segretario generale della Cisl Messina, Antonino Alibrandi \u2013 La nostra sede qui \u00e8 un ulteriore segnale della volont\u00e0 di potenziare la presenza in citt\u00e0 per dare assistenza ai nostri associati ma soprattutto alle comunit\u00e0 che hanno bisogno di servizi, da quelli sindacali a quelli fiscali del Caf e del Patronato Inas ma anche delle nostre associazioni come Anteas e Anolf\u00bb.<div id=\"videoincontent\" style=\"clear:both\";><\/div><\/p>\n\n\n\n<p>\u00abSono tanti gli anziani nella zona \u2013 ha aggiunto il segretario generale della Fnp Cisl Messina, Giovanni Ammendolia \u2013 intendiamo dare valore al lavoro gi\u00e0 fatto da chi ci ha preceduto cos\u00ec da poter dare agli anziani del territorio i nostri servizi\u00bb. <\/p>\n\n\n\n<p>Nella sede di via Bellinzona sar\u00e0 sempre presente un presidio dell\u2019Anolf, l\u2019associazione che tutela gli immigrati. \u00abQuesta \u00e8 una zona con una presenza di immigrati che hanno bisogno di assistenza ed accoglienza \u2013 ha sottolineato il copresidente Yohannes Gebrehiwot \u2013 ma anche di informazioni e cos\u00ec siamo noi ad andare a trovarli\u00bb. <\/p>\n","protected":false},"excerpt":{"rendered":"<p>Un altro presidio di diritti sul territorio. Da oggi la rinnovata sede di Messina Nord in via Bellinzona, angolo via Savanarola (pressi piazza Castronovo) offrir\u00e0 i servizi della Cisl, dal Caf all\u2019Inas, dall\u2019Anolf all\u2019Anteas, l\u2019assistenza e il supporto della Cisl Pensionati per lavorare in rete al servizio della comunit\u00e0. A benedire la sede \u00e8 stato [&hellip;]<\/p>\n","protected":false},"author":2,"featured_media":153075,"comment_status":"open","ping_status":"open","sticky":false,"template":"","format":"standard","meta":{"ub_ctt_via":"","_mi_skip_tracking":false},"categories":[5],"tags":[3870,1758,7640],"featured_image_src":"https:\/\/www.messinaoggi.it\/website\/wp-content\/uploads\/2023\/04\/1_benedizione.jpg","author_info":{"display_name":"Redazione","author_link":"https:\/\/www.messinaoggi.it\/website\/author\/redazione\/"},"digistream_id":0,"digistream":false,"_links":{"self":[{"href":"https:\/\/www.messinaoggi.it\/website\/wp-json\/wp\/v2\/posts\/153074"}],"collection":[{"href":"https:\/\/www.messinaoggi.it\/website\/wp-json\/wp\/v2\/posts"}],"about":[{"href":"https:\/\/www.messinaoggi.it\/website\/wp-json\/wp\/v2\/types\/post"}],"author":[{"embeddable":true,"href":"https:\/\/www.messinaoggi.it\/website\/wp-json\/wp\/v2\/users\/2"}],"replies":[{"embeddable":true,"href":"https:\/\/www.messinaoggi.it\/website\/wp-json\/wp\/v2\/comments?post=153074"}],"version-history":[{"count":1,"href":"https:\/\/www.messinaoggi.it\/website\/wp-json\/wp\/v2\/posts\/153074\/revisions"}],"predecessor-version":[{"id":153076,"href":"https:\/\/www.messinaoggi.it\/website\/wp-json\/wp\/v2\/posts\/153074\/revisions\/153076"}],"wp:featuredmedia":[{"embeddable":true,"href":"https:\/\/www.messinaoggi.it\/website\/wp-json\/wp\/v2\/media\/153075"}],"wp:attachment":[{"href":"https:\/\/www.messinaoggi.it\/website\/wp-json\/wp\/v2\/media?parent=153074"}],"wp:term":[{"taxonomy":"category","embeddable":true,"href":"https:\/\/www.messinaoggi.it\/website\/wp-json\/wp\/v2\/categories?post=153074"},{"taxonomy":"post_tag","embeddable":true,"href":"https:\/\/www.messinaoggi.it\/website\/wp-json\/wp\/v2\/tags?post=153074"}],"curies":[{"name":"wp","href":"https:\/\/api.w.org\/{rel}","templated":true}]}}