{"id":153063,"date":"2023-04-29T09:07:58","date_gmt":"2023-04-29T07:07:58","guid":{"rendered":"https:\/\/www.messinaoggi.it\/website\/2023\/04\/29\/giorgetti-litalia-cresce-le-imprese-sono-forti\/"},"modified":"2023-04-29T10:22:37","modified_gmt":"2023-04-29T08:22:37","slug":"giorgetti-litalia-cresce-le-imprese-sono-forti","status":"publish","type":"post","link":"https:\/\/www.messinaoggi.it\/website\/2023\/04\/29\/giorgetti-litalia-cresce-le-imprese-sono-forti\/","title":{"rendered":"Giorgetti \u201cL\u2019Italia cresce, le imprese sono forti\u201d"},"content":{"rendered":"<div>ROMA (ITALPRESS) &#8211; &#8220;Osservatori e analisti sottovalutano sistematicamente la crescita italiana perch\u00e8 non colgono la forza e la competitivit\u00e0 delle nostre piccole e medie imprese&#8221;. Lo afferma Giancarlo Giorgetti, ministro dell&#8217;Economia nell&#8217;intervista sul Sole 24 Ore, commentando la stima preliminare dell&#8217;Istat con il +0,5% di Pil nel primo trimestre e una proiezione annuale al +1,8%. Una dinamica di questo tipo, sottolinea il ministro, &#8220;allenta la pressione sui conti pubblici italiani e offre margini per nuovi interventi in autunno contro quella che speriamo sia la coda dell&#8217;inflazione&#8221;. Ma nell&#8217;ottica di Giorgetti i numeri dell&#8217;economia reale rafforzano la posizione italiana anche nelle complicate partite internazionali in corso. &#8220;Sull&#8217;esclusione degli investimenti nella transizione energetica e digitale dai vincoli del Patto di stabilit\u00e0 Ue la trattativa \u00e8 aperta &#8211; spiega arrivando a Stoccolma per Eurogruppo ed Ecofin &#8211; e sul Mes bisogna discutere in un&#8217;ottica pi\u00f9 ampia che comprenda il completamento dell&#8217;Unione bancaria&#8221;.<br \/>\nSui verdetti attesi a maggio dalle agenzie di rating, e in particolare da Moody&#8217;s che gi\u00e0 colloca i BTp all&#8217;ultimo scalino fra i titoli sicuri, Giorgetti &#8220;non vede ragioni oggettive per cambiare al ribasso il giudizio, visto che economia italiana e conti pubblici vanno meglio di quel che si pensava in autunno&#8221;.<br \/>\nPatto di stabilit\u00e0 e fari accesi sul debito rendono per\u00f2 pi\u00f9 stringente la revisione di Pnrr e Piano nazionale complementare, perch\u00e8 &#8220;non far\u00f2 mai emettere BTp con interessi al 4 o al 5% per finanziare gli stadi&#8221;. E aumenta l&#8217;urgenza di misure per provare a invertire la rotta demografica in declino: \u00abNon c&#8217;\u00e8 riforma delle pensioni compatibile con gli attuali tassi di natalit\u00e0 italiani&#8221; avverte Giorgetti.<div id=\"div-gpt-ad-Messinaoggi.it-DSK-300x250-corpoart\" style=\"text-align:center;margin:0 auto;\"><\/div><\/p>\n<p>foto: aggenziafotogramma.it<div id=\"videoincontent\" style=\"clear:both\";><\/div><\/p>\n<p>(ITALPRESS).<\/p><\/div>\n","protected":false},"excerpt":{"rendered":"<p>ROMA (ITALPRESS) &#8211; &#8220;Osservatori e analisti sottovalutano sistematicamente la crescita italiana perch\u00e8 non colgono la forza e la competitivit\u00e0 delle nostre piccole e medie imprese&#8221;. Lo afferma Giancarlo Giorgetti, ministro dell&#8217;Economia nell&#8217;intervista sul Sole 24 Ore, commentando la stima preliminare dell&#8217;Istat con il +0,5% di Pil nel primo trimestre e una proiezione annuale al +1,8%. [&hellip;]<\/p>\n","protected":false},"author":18,"featured_media":153064,"comment_status":"closed","ping_status":"closed","sticky":false,"template":"","format":"standard","meta":{"ub_ctt_via":"","_mi_skip_tracking":false},"categories":[446,4],"tags":[783],"featured_image_src":"https:\/\/www.messinaoggi.it\/website\/wp-content\/uploads\/2023\/04\/20230429_0091.jpg","author_info":{"display_name":"Admin","author_link":"https:\/\/www.messinaoggi.it\/website\/author\/admin\/"},"digistream_id":0,"digistream":false,"_links":{"self":[{"href":"https:\/\/www.messinaoggi.it\/website\/wp-json\/wp\/v2\/posts\/153063"}],"collection":[{"href":"https:\/\/www.messinaoggi.it\/website\/wp-json\/wp\/v2\/posts"}],"about":[{"href":"https:\/\/www.messinaoggi.it\/website\/wp-json\/wp\/v2\/types\/post"}],"author":[{"embeddable":true,"href":"https:\/\/www.messinaoggi.it\/website\/wp-json\/wp\/v2\/users\/18"}],"replies":[{"embeddable":true,"href":"https:\/\/www.messinaoggi.it\/website\/wp-json\/wp\/v2\/comments?post=153063"}],"version-history":[{"count":1,"href":"https:\/\/www.messinaoggi.it\/website\/wp-json\/wp\/v2\/posts\/153063\/revisions"}],"predecessor-version":[{"id":153068,"href":"https:\/\/www.messinaoggi.it\/website\/wp-json\/wp\/v2\/posts\/153063\/revisions\/153068"}],"wp:featuredmedia":[{"embeddable":true,"href":"https:\/\/www.messinaoggi.it\/website\/wp-json\/wp\/v2\/media\/153064"}],"wp:attachment":[{"href":"https:\/\/www.messinaoggi.it\/website\/wp-json\/wp\/v2\/media?parent=153063"}],"wp:term":[{"taxonomy":"category","embeddable":true,"href":"https:\/\/www.messinaoggi.it\/website\/wp-json\/wp\/v2\/categories?post=153063"},{"taxonomy":"post_tag","embeddable":true,"href":"https:\/\/www.messinaoggi.it\/website\/wp-json\/wp\/v2\/tags?post=153063"}],"curies":[{"name":"wp","href":"https:\/\/api.w.org\/{rel}","templated":true}]}}