{"id":153034,"date":"2023-04-29T09:07:56","date_gmt":"2023-04-29T07:07:56","guid":{"rendered":"https:\/\/www.messinaoggi.it\/website\/2023\/04\/28\/mascherine-resta-lobbligo-nei-reparti-con-pazienti-fragili\/"},"modified":"2023-04-29T11:36:36","modified_gmt":"2023-04-29T09:36:36","slug":"mascherine-resta-lobbligo-nei-reparti-con-pazienti-fragili","status":"publish","type":"post","link":"https:\/\/www.messinaoggi.it\/website\/2023\/04\/29\/mascherine-resta-lobbligo-nei-reparti-con-pazienti-fragili\/","title":{"rendered":"Mascherine, resta l\u2019obbligo nei reparti con pazienti fragili"},"content":{"rendered":"<div>ROMA (ITALPRESS) &#8211; Dall&#8217;1 maggio l&#8217;obbligo di indossare la mascherina negli ospedali sar\u00e0 valido solo &#8220;all&#8217;interno dei reparti che ospitano pazienti fragili, anziani o immunodepressi, specialmente se ad alta intensit\u00e0 di cura&#8221;. Negli altri reparti sar\u00e0 la Direzione sanitaria a decidere, cos\u00ec come negli ambulatori e negli studi medici. E&#8217; quanto prevede l&#8217;ordinanza emessa dal ministro della Salute Orazio Schillaci, che sar\u00e0 in vigore fino al 31 dicembre 2023.<br \/>&#8220;E&#8217; fatto obbligo di indossare dispositivi di protezione delle vie respiratorie ai lavoratori, agli utenti e ai visitatori delle strutture sanitarie all&#8217;interno dei reparti che ospitano pazienti fragili, anziani o immunodepressi, specialmente se ad alta intensit\u00e0 di cura, identificati dalle Direzioni Sanitarie delle strutture sanitarie stesse &#8211; si legge nell&#8217;ordinanza -. L&#8217;obbligo \u00e8 esteso ai lavoratori, agli utenti e ai visitatori delle strutture socio-sanitarie e socio-assistenziali, comprese le strutture di ospitalit\u00e0 e lungodegenza, le residenze sanitarie assistenziali, gli hospice, le strutture riabilitative, le strutture residenziali per anziani, anche non autosufficienti, e comunque le strutture residenziali di cui all&#8217;art. 44 del decreto del Presidente del Consiglio dei ministri 12 gennaio 2017&#8221;.<br \/>&#8220;Nei reparti delle strutture sanitarie diversi da quelli indicati al comma 1 e nelle sale di attesa, la decisione sull&#8217;utilizzo di dispositivi di protezione delle vie respiratorie da parte di operatori sanitari e visitatori resta alla discrezione delle Direzioni Sanitarie, che possono disporne l&#8217;uso anche per tutti coloro che presentino sintomatologia respiratoria &#8211; prosegue l&#8217;ordinanza -. Non sono previste analoghe misure per quanto riguarda i connettivi e gli spazi ospedalieri comunque siti al di fuori dei reparti di degenza. Per quanto riguarda gli ambulatori medici, la decisione sull&#8217;utilizzo di dispositivi di protezione delle vie respiratorie resta alla discrezione dei medici di medicina generale e dei pediatri di libera scelta. La decisione sull&#8217;esecuzione di tampone diagnostico per infezione da SARS-CoV-2 per l&#8217;accesso ai Pronto soccorso \u00e8 rimessa alla discrezione delle Direzioni Sanitarie e delle Autorit\u00e0 Regionali. Si rammenta infatti che non sussiste obbligo a livello normativo dal 31 ottobre 2022, in quanto l&#8217;art. 2-bis &#8220;Misure concernenti gli accessi nelle strutture sanitarie e socio-sanitarie&#8221; del D.L.<br \/>22\/04\/2021, n. 52, come modificato dall&#8217;articolo 4 , comma 1 lett. b) del D.L. 23\/07\/2021, n. 105, D.L. 23\/07\/2021, n. 105, \u00e8 stato abrogato dall&#8217;art. 7-ter, comma 2, D.L. 31 ottobre 2022, n. 162, convertito, con modificazioni, dalla L. 30 dicembre 2022, n. 199&#8243;.<br \/>&#8220;Non hanno l&#8217;obbligo di indossare il dispositivo di protezione delle vie respiratorie: i bambini di et\u00e0 inferiore ai sei anni; le persone con patologie o disabilit\u00e0 incompatibili con l&#8217;uso della mascherina, nonch\u00e8 le persone che devono comunicare con una persona con disabilit\u00e0 in modo da non poter fare uso del dispositivo&#8221;, si legge ancora nel testo emanato dal ministro Schillaci.<div id=\"div-gpt-ad-Messinaoggi.it-DSK-300x250-corpoart\" style=\"text-align:center;margin:0 auto;\"><\/div><\/p>\n<p>&#8211; foto Agenziafotogramma.it &#8211;<div id=\"videoincontent\" style=\"clear:both\";><\/div><\/p>\n<p>(ITALPRESS).<\/p><\/div>\n","protected":false},"excerpt":{"rendered":"<p>ROMA (ITALPRESS) &#8211; Dall&#8217;1 maggio l&#8217;obbligo di indossare la mascherina negli ospedali sar\u00e0 valido solo &#8220;all&#8217;interno dei reparti che ospitano pazienti fragili, anziani o immunodepressi, specialmente se ad alta intensit\u00e0 di cura&#8221;. Negli altri reparti sar\u00e0 la Direzione sanitaria a decidere, cos\u00ec come negli ambulatori e negli studi medici. E&#8217; quanto prevede l&#8217;ordinanza emessa dal [&hellip;]<\/p>\n","protected":false},"author":18,"featured_media":153035,"comment_status":"closed","ping_status":"closed","sticky":false,"template":"","format":"standard","meta":{"ub_ctt_via":"","_mi_skip_tracking":false},"categories":[221,446],"tags":[783],"featured_image_src":"https:\/\/www.messinaoggi.it\/website\/wp-content\/uploads\/2023\/04\/20230428_1869.jpg","author_info":{"display_name":"Admin","author_link":"https:\/\/www.messinaoggi.it\/website\/author\/admin\/"},"digistream_id":0,"digistream":false,"_links":{"self":[{"href":"https:\/\/www.messinaoggi.it\/website\/wp-json\/wp\/v2\/posts\/153034"}],"collection":[{"href":"https:\/\/www.messinaoggi.it\/website\/wp-json\/wp\/v2\/posts"}],"about":[{"href":"https:\/\/www.messinaoggi.it\/website\/wp-json\/wp\/v2\/types\/post"}],"author":[{"embeddable":true,"href":"https:\/\/www.messinaoggi.it\/website\/wp-json\/wp\/v2\/users\/18"}],"replies":[{"embeddable":true,"href":"https:\/\/www.messinaoggi.it\/website\/wp-json\/wp\/v2\/comments?post=153034"}],"version-history":[{"count":1,"href":"https:\/\/www.messinaoggi.it\/website\/wp-json\/wp\/v2\/posts\/153034\/revisions"}],"predecessor-version":[{"id":153099,"href":"https:\/\/www.messinaoggi.it\/website\/wp-json\/wp\/v2\/posts\/153034\/revisions\/153099"}],"wp:featuredmedia":[{"embeddable":true,"href":"https:\/\/www.messinaoggi.it\/website\/wp-json\/wp\/v2\/media\/153035"}],"wp:attachment":[{"href":"https:\/\/www.messinaoggi.it\/website\/wp-json\/wp\/v2\/media?parent=153034"}],"wp:term":[{"taxonomy":"category","embeddable":true,"href":"https:\/\/www.messinaoggi.it\/website\/wp-json\/wp\/v2\/categories?post=153034"},{"taxonomy":"post_tag","embeddable":true,"href":"https:\/\/www.messinaoggi.it\/website\/wp-json\/wp\/v2\/tags?post=153034"}],"curies":[{"name":"wp","href":"https:\/\/api.w.org\/{rel}","templated":true}]}}