{"id":15283,"date":"2018-02-06T16:20:28","date_gmt":"2018-02-06T15:20:28","guid":{"rendered":"http:\/\/www.messinaoggi.it\/website\/?p=15283"},"modified":"2018-02-06T16:20:28","modified_gmt":"2018-02-06T15:20:28","slug":"cambio-al-vertice-in-prefettura-la-librizzi-si-presenta-arrivo-a-messina-con-le-idee-chiare","status":"publish","type":"post","link":"https:\/\/www.messinaoggi.it\/website\/2018\/02\/06\/cambio-al-vertice-in-prefettura-la-librizzi-si-presenta-arrivo-a-messina-con-le-idee-chiare\/","title":{"rendered":"Cambio al vertice in Prefettura, la Librizzi si presenta: &quot;Arrivo a Messina con le idee chiare&quot;"},"content":{"rendered":"<p style=\"text-align: justify\">Lotta alla criminalit\u00e0 organizzata e alla delinquenza, ma anche una particolare attenzione verso il fenomeno degli sbarchi dei migranti, alla cura di tutto il territorio messinese e un\u2019attenzione particolare per il fenomeno della violenza sulle donne. Maria Carmela Librizzi \u00e8 appena sbarcata a Messina ma ha le idee molto chiare su quali saranno le priorit\u00e0 da seguire in questi anni da Prefetto. 59 anni ed una spiccata sensibilit\u00e0 per i problemi sociali, la Librizzi arriva da Ragusa dopo aver svolto vari incarichi, tra cui quello di capo di gabinetto della Prefettura di Venezia e di commissario straordinario al comune di Augusta, a Ragusa Maria Carmela Librizzi si \u00e8 distinta per la gestione degli sbarchi e di tutte le tematiche connesse al fenomeno migratorio.<div id=\"div-gpt-ad-Messinaoggi.it-DSK-300x250-corpoart\" style=\"text-align:center;margin:0 auto;\"><\/div><\/p>\n<div id=\"attachment_15289\" style=\"width: 310px\" class=\"wp-caption alignnone\"><img aria-describedby=\"caption-attachment-15289\" loading=\"lazy\" class=\"wp-image-15289 size-medium\" src=\"http:\/\/www.messinaoggi.it\/website\/wp-content\/uploads\/2018\/02\/conf-stampa-prefetto-N82A8523-300x200.jpg\" alt=\"\" width=\"300\" height=\"200\" \/><p id=\"caption-attachment-15289\" class=\"wp-caption-text\">Il nuovo Prefetto di Messina, Maria Carmela Librizzi (Foto Papandrea)<\/p><\/div>\n<p style=\"text-align: justify\">Ha avviato parecchi progetti di legalit\u00e0 sul territorio e si \u00e8 contraddistinta per la sua attenzione alle fasce pi\u00f9 deboli della societ\u00e0 ed in particolare dei minori. Messina \u00e8 la citt\u00e0 delle emergenze, non \u00e8 un territorio affatto semplice da amministrare, ma la Librizzi gi\u00e0 annuncia che non guarder\u00e0 in faccia a nessuno: \u201c<em>Vengo a Messina con grande entusiasmo. Prester\u00f2 molta attenzione al fenomeno criminale, sia di grande che di piccola entit\u00e0&#8221;<\/em>. Grande attenzione a tutto il territorio messinese, compresa la provincia: <em>\u201cVisiter\u00f2 tutti i centotto Comuni della provincia, mi rendo conto che \u00e8 una\u2019rea particolarmente vasta, ma vorr\u00f2 cominciare proprio dai centri pi\u00f9 piccoli, l\u00ec lo Stato deve dare un segnale della propria presenza. Non mi pongo limiti di tempo\u201d.<\/em><div id=\"videoincontent\" style=\"clear:both\";><\/div><\/p>\n<p style=\"text-align: justify\">La Librizzi guarder\u00e0 con attenzione il fenomeno degli sbarchi, particolarmente frequente anche a Messina: \u201c<em>Non vorrei che venisse affrontata come un\u2019emergenza \u2013 ha commentato \u2013 anzi vorrei che si passasse ad una gestione del fenomeno condivisa con le amministrazioni locali. L\u2019accoglienza qui a Messina ha portato i suoi frutti, c\u2019\u00e8 un senso del rispetto della dignit\u00e0 umana che fa onore alla citt\u00e0. Dovremo passare dalla struttura organizzativa del centro di accoglienza straordinaria a quella consolidata, cio\u00e8 lo Sprar\u201d<\/em>. Ma gli obiettivi che si prefigge la Librizzi non sono finiti: <em>\u201cMetter\u00f2 in campo tutte le iniziative possibili per combattere il fenomeno del femminicidio, questo lo devo da persona di Stato ma prima di tutto da donna. Indir\u00f2 una conferenza permanente di tutte le componenti pubbliche e istituzionali, ma anche sociali come i centri antiviolenza, affinch\u00e8 si possano mettere in campo \u00a0tutte le iniziative possibili\u201d.<\/em><\/p>\n","protected":false},"excerpt":{"rendered":"<p>Lotta alla criminalit\u00e0 organizzata e alla delinquenza, ma anche una particolare attenzione verso il fenomeno degli sbarchi dei migranti, alla cura di tutto il territorio messinese e un\u2019attenzione particolare per il fenomeno della violenza sulle donne. Maria Carmela Librizzi \u00e8 appena sbarcata a Messina ma ha le idee molto chiare su quali saranno le priorit\u00e0 [&hellip;]<\/p>\n","protected":false},"author":1,"featured_media":15291,"comment_status":"closed","ping_status":"open","sticky":false,"template":"","format":"standard","meta":{"ub_ctt_via":"","_mi_skip_tracking":false},"categories":[6],"tags":[],"featured_image_src":"https:\/\/www.messinaoggi.it\/website\/wp-content\/uploads\/2018\/02\/prefetto-N82A8516-1.jpg","author_info":{"display_name":"admin@admin.com","author_link":"https:\/\/www.messinaoggi.it\/website\/author\/adminadmin-com\/"},"digistream_id":0,"digistream":false,"_links":{"self":[{"href":"https:\/\/www.messinaoggi.it\/website\/wp-json\/wp\/v2\/posts\/15283"}],"collection":[{"href":"https:\/\/www.messinaoggi.it\/website\/wp-json\/wp\/v2\/posts"}],"about":[{"href":"https:\/\/www.messinaoggi.it\/website\/wp-json\/wp\/v2\/types\/post"}],"author":[{"embeddable":true,"href":"https:\/\/www.messinaoggi.it\/website\/wp-json\/wp\/v2\/users\/1"}],"replies":[{"embeddable":true,"href":"https:\/\/www.messinaoggi.it\/website\/wp-json\/wp\/v2\/comments?post=15283"}],"version-history":[{"count":0,"href":"https:\/\/www.messinaoggi.it\/website\/wp-json\/wp\/v2\/posts\/15283\/revisions"}],"wp:featuredmedia":[{"embeddable":true,"href":"https:\/\/www.messinaoggi.it\/website\/wp-json\/wp\/v2\/media\/15291"}],"wp:attachment":[{"href":"https:\/\/www.messinaoggi.it\/website\/wp-json\/wp\/v2\/media?parent=15283"}],"wp:term":[{"taxonomy":"category","embeddable":true,"href":"https:\/\/www.messinaoggi.it\/website\/wp-json\/wp\/v2\/categories?post=15283"},{"taxonomy":"post_tag","embeddable":true,"href":"https:\/\/www.messinaoggi.it\/website\/wp-json\/wp\/v2\/tags?post=15283"}],"curies":[{"name":"wp","href":"https:\/\/api.w.org\/{rel}","templated":true}]}}