{"id":15281,"date":"2018-02-06T12:42:01","date_gmt":"2018-02-06T11:42:01","guid":{"rendered":"http:\/\/www.messinaoggi.it\/website\/?p=15281"},"modified":"2018-02-06T12:42:01","modified_gmt":"2018-02-06T11:42:01","slug":"la-carmen-di-bizet-arriva-al-teatro-vittorio-emanuele-domani-la-conferenza-stampa-di-presentazione","status":"publish","type":"post","link":"https:\/\/www.messinaoggi.it\/website\/2018\/02\/06\/la-carmen-di-bizet-arriva-al-teatro-vittorio-emanuele-domani-la-conferenza-stampa-di-presentazione\/","title":{"rendered":"La &quot;Carmen&quot; di Bizet arriva al Teatro Vittorio Emanuele. Domani la  conferenza stampa di presentazione"},"content":{"rendered":"<p>Domani, nel foyer del Teatro Vittorio Emanuele, alle ore 10.30, avr\u00e0 luogo \u00a0la conferenza stampa di presentazione della nuova produzione lirica \u201cCarmen\u201d dell&#8217;E.A.R. Teatro di Messina, che debutter\u00e0 (fuori abbonamento) venerd\u00ec alle ore 21.00, con repliche l&#8217;11 alle 17.30 e il 13 alle 21.00.<br \/>\nAll\u2019evento saranno presenti il \u00a0\u00a0Presidente Luciano Fiorino, il Sovrintendente Egidio Bernava, il Direttore Artistico della sezione Musica Matteo Pappalardo e, inoltre, il regista Renato Bonajuto, il Direttore Carlo Palleschi e gli interpreti impegnati nella produzione.<br \/>\nNel corso dell&#8217;incontro il Direttore Artistico illustrer\u00e0 la peculiarit\u00e0 di questa edizione che sar\u00e0 rappresentata in francese, lingua originale della pi\u00e9ce, \u00a0e con i dialoghi parlati cos\u00ec come nell&#8217;originale del compositore francese.<br \/>\nNuove emozioni all\u2019orizzonte per il pubblico del Teatro Vittorio Emanuele.<br \/>\n <br \/>\n <div id=\"div-gpt-ad-Messinaoggi.it-DSK-300x250-corpoart\" style=\"text-align:center;margin:0 auto;\"><\/div><\/p>\n<div id=\"videoincontent\" style=\"clear:both\";><\/div>","protected":false},"excerpt":{"rendered":"<p>Domani, nel foyer del Teatro Vittorio Emanuele, alle ore 10.30, avr\u00e0 luogo \u00a0la conferenza stampa di presentazione della nuova produzione lirica \u201cCarmen\u201d dell&#8217;E.A.R. Teatro di Messina, che debutter\u00e0 (fuori abbonamento) venerd\u00ec alle ore 21.00, con repliche l&#8217;11 alle 17.30 e il 13 alle 21.00. All\u2019evento saranno presenti il \u00a0\u00a0Presidente Luciano Fiorino, il Sovrintendente Egidio Bernava, [&hellip;]<\/p>\n","protected":false},"author":5,"featured_media":2294,"comment_status":"closed","ping_status":"open","sticky":false,"template":"","format":"standard","meta":{"ub_ctt_via":"","_mi_skip_tracking":false},"categories":[17],"tags":[],"featured_image_src":"https:\/\/www.messinaoggi.it\/website\/wp-content\/uploads\/2017\/06\/Teatro-Vittorio-Emanuele-2.jpg","author_info":{"display_name":"Maria Antonella Saia","author_link":"https:\/\/www.messinaoggi.it\/website\/author\/m-saia\/"},"digistream_id":0,"digistream":false,"_links":{"self":[{"href":"https:\/\/www.messinaoggi.it\/website\/wp-json\/wp\/v2\/posts\/15281"}],"collection":[{"href":"https:\/\/www.messinaoggi.it\/website\/wp-json\/wp\/v2\/posts"}],"about":[{"href":"https:\/\/www.messinaoggi.it\/website\/wp-json\/wp\/v2\/types\/post"}],"author":[{"embeddable":true,"href":"https:\/\/www.messinaoggi.it\/website\/wp-json\/wp\/v2\/users\/5"}],"replies":[{"embeddable":true,"href":"https:\/\/www.messinaoggi.it\/website\/wp-json\/wp\/v2\/comments?post=15281"}],"version-history":[{"count":0,"href":"https:\/\/www.messinaoggi.it\/website\/wp-json\/wp\/v2\/posts\/15281\/revisions"}],"wp:featuredmedia":[{"embeddable":true,"href":"https:\/\/www.messinaoggi.it\/website\/wp-json\/wp\/v2\/media\/2294"}],"wp:attachment":[{"href":"https:\/\/www.messinaoggi.it\/website\/wp-json\/wp\/v2\/media?parent=15281"}],"wp:term":[{"taxonomy":"category","embeddable":true,"href":"https:\/\/www.messinaoggi.it\/website\/wp-json\/wp\/v2\/categories?post=15281"},{"taxonomy":"post_tag","embeddable":true,"href":"https:\/\/www.messinaoggi.it\/website\/wp-json\/wp\/v2\/tags?post=15281"}],"curies":[{"name":"wp","href":"https:\/\/api.w.org\/{rel}","templated":true}]}}