{"id":152688,"date":"2023-04-26T15:07:57","date_gmt":"2023-04-26T13:07:57","guid":{"rendered":"https:\/\/www.messinaoggi.it\/website\/2023\/04\/26\/ucraina-meloni-litalia-continuera-a-fare-la-sua-parte\/"},"modified":"2023-04-26T15:07:57","modified_gmt":"2023-04-26T13:07:57","slug":"ucraina-meloni-litalia-continuera-a-fare-la-sua-parte","status":"publish","type":"post","link":"https:\/\/www.messinaoggi.it\/website\/2023\/04\/26\/ucraina-meloni-litalia-continuera-a-fare-la-sua-parte\/","title":{"rendered":"Ucraina, Meloni \u201cL\u2019Italia continuer\u00e0 a fare la sua parte\u201d"},"content":{"rendered":"<div>ROMA (ITALPRESS) &#8211; &#8220;L&#8217;Italia continuer\u00e0 a fare la sua parte a 360 gradi a sostegno dell&#8217;Ucraina, sul piano politico, umanitario e anche della ricostruzione&#8221;. Lo ha detto il presidente del Consiglio, Giorgia Meloni, nel corso del punto stampa al termine della Conferenza Bilaterale sulla Ricostruzione dell&#8217;Ucraina a Roma. &#8220;Parlare di ricostruzione significa scommettere sulla vittoria e sulla fine del conflitto&#8221;, ha aggiunto.<br \/>&#8220;Crediamo nella possibilit\u00e0 di una soluzione diplomatica di questo conflitto, a patto che non si pensi che la pace possa essere la resa di un Paese aggredito, perch\u00e8 sarebbe ingiusto&#8221;, ha sottolineato il premier.<br \/>&#8220;Siamo convinti che alla pace si possa arrivare soltanto quando la Russia cesser\u00e0 le ostilit\u00e0&#8221;, ha aggiunto.<br \/>&#8220;La ricostruzione dell&#8217;Ucraina riguarda tutti perch\u00e8 \u00e8 un pezzo di ricostruzione europea: credo che tutti debbano fare la loro parte &#8211; ha detto ancora Meloni -. Vogliamo svolgere un ruolo di primo piano non solo a livello politico, ma anche coinvolgendo i privati e le imprese&#8221;.<br \/>&#8220;Il futuro dell&#8217;Ucraina \u00e8 di pace e di libert\u00e0: non ci sono altre soluzioni possibili, non ci sono altre opzioni&#8221;, ha aggiunto il premier.<br \/>&#8220;Vogliamo contribuire a questo obiettivo non solamente aiutando l&#8217;Ucraina a difendersi, lavoriamo perch\u00e8 si esca da questo conflitto purch\u00e8 si parta dal presupposto che l&#8217;integrit\u00e0 di questa nazione non \u00e8 in discussione&#8221;, ha proseguito.<br \/>&#8220;L&#8217;Italia si candida a ospitare nel 2025 la Recovery Conference&#8221;, ha poi annunciato il presidente del Consiglio.<br \/>&#8220;Il nostro compito \u00e8 lavorare sin da subito per ripristinare quanto \u00e8 stato distrutto, a partire dalle infrastrutture strategiche ed energetiche&#8221;, ha aggiunto.<div id=\"div-gpt-ad-Messinaoggi.it-DSK-300x250-corpoart\" style=\"text-align:center;margin:0 auto;\"><\/div><\/p>\n<p>&#8211; foto Agenziafotogramma.it &#8211;<div id=\"videoincontent\" style=\"clear:both\";><\/div><\/p>\n<p>(ITALPRESS).<\/p><\/div>\n","protected":false},"excerpt":{"rendered":"<p>ROMA (ITALPRESS) &#8211; &#8220;L&#8217;Italia continuer\u00e0 a fare la sua parte a 360 gradi a sostegno dell&#8217;Ucraina, sul piano politico, umanitario e anche della ricostruzione&#8221;. Lo ha detto il presidente del Consiglio, Giorgia Meloni, nel corso del punto stampa al termine della Conferenza Bilaterale sulla Ricostruzione dell&#8217;Ucraina a Roma. &#8220;Parlare di ricostruzione significa scommettere sulla vittoria [&hellip;]<\/p>\n","protected":false},"author":18,"featured_media":152689,"comment_status":"closed","ping_status":"closed","sticky":false,"template":"","format":"standard","meta":{"ub_ctt_via":"","_mi_skip_tracking":false},"categories":[446],"tags":[783],"featured_image_src":"https:\/\/www.messinaoggi.it\/website\/wp-content\/uploads\/2023\/04\/20230426_0649.jpg","author_info":{"display_name":"Admin","author_link":"https:\/\/www.messinaoggi.it\/website\/author\/admin\/"},"digistream_id":0,"digistream":false,"_links":{"self":[{"href":"https:\/\/www.messinaoggi.it\/website\/wp-json\/wp\/v2\/posts\/152688"}],"collection":[{"href":"https:\/\/www.messinaoggi.it\/website\/wp-json\/wp\/v2\/posts"}],"about":[{"href":"https:\/\/www.messinaoggi.it\/website\/wp-json\/wp\/v2\/types\/post"}],"author":[{"embeddable":true,"href":"https:\/\/www.messinaoggi.it\/website\/wp-json\/wp\/v2\/users\/18"}],"replies":[{"embeddable":true,"href":"https:\/\/www.messinaoggi.it\/website\/wp-json\/wp\/v2\/comments?post=152688"}],"version-history":[{"count":0,"href":"https:\/\/www.messinaoggi.it\/website\/wp-json\/wp\/v2\/posts\/152688\/revisions"}],"wp:featuredmedia":[{"embeddable":true,"href":"https:\/\/www.messinaoggi.it\/website\/wp-json\/wp\/v2\/media\/152689"}],"wp:attachment":[{"href":"https:\/\/www.messinaoggi.it\/website\/wp-json\/wp\/v2\/media?parent=152688"}],"wp:term":[{"taxonomy":"category","embeddable":true,"href":"https:\/\/www.messinaoggi.it\/website\/wp-json\/wp\/v2\/categories?post=152688"},{"taxonomy":"post_tag","embeddable":true,"href":"https:\/\/www.messinaoggi.it\/website\/wp-json\/wp\/v2\/tags?post=152688"}],"curies":[{"name":"wp","href":"https:\/\/api.w.org\/{rel}","templated":true}]}}