{"id":152684,"date":"2023-04-26T15:07:54","date_gmt":"2023-04-26T13:07:54","guid":{"rendered":"https:\/\/www.messinaoggi.it\/website\/2023\/04\/26\/a-isabella-rossellini-il-david-speciale-2023\/"},"modified":"2023-04-26T15:07:54","modified_gmt":"2023-04-26T13:07:54","slug":"a-isabella-rossellini-il-david-speciale-2023","status":"publish","type":"post","link":"https:\/\/www.messinaoggi.it\/website\/2023\/04\/26\/a-isabella-rossellini-il-david-speciale-2023\/","title":{"rendered":"A Isabella Rossellini il David Speciale 2023"},"content":{"rendered":"<div>ROMA (ITALPRESS) &#8211; Isabella Rossellini ricever\u00e0 il David Speciale 2023 nel corso della 68^ edizione dei Premi David di Donatello. Lo annuncia Piera Detassis, Presidente e Direttrice Artistica dell&#8217;Accademia del Cinema Italiano &#8211; Premi David di Donatello, in accordo il Consiglio Direttivo composto da Francesco Giambrone, Francesco Rutelli, Nicola Borrelli, Francesca Cima, Edoardo De Angelis, Domenico Dinoia, Valeria Golino, Giancarlo Leone, Luigi Lonigro, Mario Lorini, Francesco Ranieri Martinotti.<br \/>Il riconoscimento sar\u00e0 assegnato mercoled\u00ec 10 maggio nell&#8217;ambito della cerimonia di premiazione in diretta in prima serata su Rai 1 dagli studi Cinecitt\u00e0@Lumina di Roma, con la conduzione di Carlo Conti affiancato da Matilde Gioli.<br \/>\u00abDalla televisione trasgressiva di Renzo Arbore al cinema dei fratelli Taviani, da Il Pap&#8217;occhio ai film cult di David Lynch, sempre incrociando territori dei grandi autori, Saverio Costanzo, Nikita Mikhalkov, Robert Zemeckis, Peter Weir, Denis Villeneuve: Isabella Rossellini, figlia di due leggende del cinema, Ingrid Bergman e Roberto Rossellini, ha saputo sfidare ogni luogo comune con grande libert\u00e0\u00bb, spiega Piera Detassis, \u00abconfermandosi artista poliedrica e anticonformista, modella di enorme fama, grande interprete e ironica autrice di film e monologhi teatrali  provocatori, infine etologa e attivista per l&#8217;ambiente. Il David Speciale vuole cos\u00ec celebrare una protagonista cosmopolita e insieme italianissima, ambasciatrice preziosa della nostra cultura, che fa oggi ritorno al nostro cinema nel film La Chimera di Alice Rohrwacher, in concorso a Cannes&#8221;.<br \/>-foto agenziafotogramma.it-<br \/>(ITALPRESS).<\/div>\n<div id=\"div-gpt-ad-Messinaoggi.it-DSK-300x250-corpoart\" style=\"text-align:center;margin:0 auto;\"><\/div><\/p><div id=\"videoincontent\" style=\"clear:both\";><\/div>","protected":false},"excerpt":{"rendered":"<p>ROMA (ITALPRESS) &#8211; Isabella Rossellini ricever\u00e0 il David Speciale 2023 nel corso della 68^ edizione dei Premi David di Donatello. Lo annuncia Piera Detassis, Presidente e Direttrice Artistica dell&#8217;Accademia del Cinema Italiano &#8211; Premi David di Donatello, in accordo il Consiglio Direttivo composto da Francesco Giambrone, Francesco Rutelli, Nicola Borrelli, Francesca Cima, Edoardo De Angelis, [&hellip;]<\/p>\n","protected":false},"author":18,"featured_media":152685,"comment_status":"closed","ping_status":"closed","sticky":false,"template":"","format":"standard","meta":{"ub_ctt_via":"","_mi_skip_tracking":false},"categories":[446],"tags":[783],"featured_image_src":"https:\/\/www.messinaoggi.it\/website\/wp-content\/uploads\/2023\/04\/20230426_0616.jpg","author_info":{"display_name":"Admin","author_link":"https:\/\/www.messinaoggi.it\/website\/author\/admin\/"},"digistream_id":0,"digistream":false,"_links":{"self":[{"href":"https:\/\/www.messinaoggi.it\/website\/wp-json\/wp\/v2\/posts\/152684"}],"collection":[{"href":"https:\/\/www.messinaoggi.it\/website\/wp-json\/wp\/v2\/posts"}],"about":[{"href":"https:\/\/www.messinaoggi.it\/website\/wp-json\/wp\/v2\/types\/post"}],"author":[{"embeddable":true,"href":"https:\/\/www.messinaoggi.it\/website\/wp-json\/wp\/v2\/users\/18"}],"replies":[{"embeddable":true,"href":"https:\/\/www.messinaoggi.it\/website\/wp-json\/wp\/v2\/comments?post=152684"}],"version-history":[{"count":0,"href":"https:\/\/www.messinaoggi.it\/website\/wp-json\/wp\/v2\/posts\/152684\/revisions"}],"wp:featuredmedia":[{"embeddable":true,"href":"https:\/\/www.messinaoggi.it\/website\/wp-json\/wp\/v2\/media\/152685"}],"wp:attachment":[{"href":"https:\/\/www.messinaoggi.it\/website\/wp-json\/wp\/v2\/media?parent=152684"}],"wp:term":[{"taxonomy":"category","embeddable":true,"href":"https:\/\/www.messinaoggi.it\/website\/wp-json\/wp\/v2\/categories?post=152684"},{"taxonomy":"post_tag","embeddable":true,"href":"https:\/\/www.messinaoggi.it\/website\/wp-json\/wp\/v2\/tags?post=152684"}],"curies":[{"name":"wp","href":"https:\/\/api.w.org\/{rel}","templated":true}]}}