{"id":152651,"date":"2023-04-26T13:07:57","date_gmt":"2023-04-26T11:07:57","guid":{"rendered":"https:\/\/www.messinaoggi.it\/website\/2023\/04\/26\/ucraina-mattarella-pieno-sostegno-finche-sara-necessario\/"},"modified":"2023-04-26T13:07:57","modified_gmt":"2023-04-26T11:07:57","slug":"ucraina-mattarella-pieno-sostegno-finche-sara-necessario","status":"publish","type":"post","link":"https:\/\/www.messinaoggi.it\/website\/2023\/04\/26\/ucraina-mattarella-pieno-sostegno-finche-sara-necessario\/","title":{"rendered":"Ucraina, Mattarella \u201cPieno sostegno finch\u00e8 sar\u00e0 necessario\u201d"},"content":{"rendered":"<div>ROMA (ITALPRESS) &#8211; &#8220;Confermo il sostegno pieno dell&#8217;Italia all&#8217;Ucraina, in ogni ambito e finch\u00e8 sar\u00e0 necessario. La difesa dell&#8217;indipendenza, della libert\u00e0 e dell&#8217;integrit\u00e0 territoriale dell&#8217;Ucraina  \u00e8 un valore fondamentale per tutti i Paesi del mondo che credono nella libert\u00e0 dei popoli e delle persone&#8221;. Cos\u00ec il presidente della Repubblica, Sergio Mattarella, ricevendo al Quirinale una delegazione ucraina guidata dal primo ministro, Denys Shmyhal e dal ministro degli Esteri, Dmytro Kuleba.<br \/>&#8220;L&#8217;Italia esprime il forte convincimento favorevole all&#8217;ingresso dell&#8217;Ucraina nell&#8217;Unione Europea nel pi\u00f9 breve tempo possibile e apprezziamo l&#8217;impegno del suo governo per il cammino di riforme intraprese per rispettare i parametri comunitari. <br \/>Tutti desideriamo la pace, ma deve essere una pace giusta che rispetta l&#8217;integrit\u00e0 dell&#8217;Ucraina&#8221;. Era presente all&#8217;incontro anche il Vice Presidente del Consiglio dei Ministri &#8211; Ministro degli Affari Esteri e della Cooperazione Internazionale, Antonio Tajani.<br \/>-foto ufficio stampa Quirinale &#8211;<br \/>(ITALPRESS).<\/div>\n<div id=\"div-gpt-ad-Messinaoggi.it-DSK-300x250-corpoart\" style=\"text-align:center;margin:0 auto;\"><\/div><\/p><div id=\"videoincontent\" style=\"clear:both\";><\/div>","protected":false},"excerpt":{"rendered":"<p>ROMA (ITALPRESS) &#8211; &#8220;Confermo il sostegno pieno dell&#8217;Italia all&#8217;Ucraina, in ogni ambito e finch\u00e8 sar\u00e0 necessario. La difesa dell&#8217;indipendenza, della libert\u00e0 e dell&#8217;integrit\u00e0 territoriale dell&#8217;Ucraina \u00e8 un valore fondamentale per tutti i Paesi del mondo che credono nella libert\u00e0 dei popoli e delle persone&#8221;. Cos\u00ec il presidente della Repubblica, Sergio Mattarella, ricevendo al Quirinale una [&hellip;]<\/p>\n","protected":false},"author":18,"featured_media":152652,"comment_status":"closed","ping_status":"closed","sticky":false,"template":"","format":"standard","meta":{"ub_ctt_via":"","_mi_skip_tracking":false},"categories":[446],"tags":[783],"featured_image_src":"https:\/\/www.messinaoggi.it\/website\/wp-content\/uploads\/2023\/04\/20230426_0338.jpg","author_info":{"display_name":"Admin","author_link":"https:\/\/www.messinaoggi.it\/website\/author\/admin\/"},"digistream_id":0,"digistream":false,"_links":{"self":[{"href":"https:\/\/www.messinaoggi.it\/website\/wp-json\/wp\/v2\/posts\/152651"}],"collection":[{"href":"https:\/\/www.messinaoggi.it\/website\/wp-json\/wp\/v2\/posts"}],"about":[{"href":"https:\/\/www.messinaoggi.it\/website\/wp-json\/wp\/v2\/types\/post"}],"author":[{"embeddable":true,"href":"https:\/\/www.messinaoggi.it\/website\/wp-json\/wp\/v2\/users\/18"}],"replies":[{"embeddable":true,"href":"https:\/\/www.messinaoggi.it\/website\/wp-json\/wp\/v2\/comments?post=152651"}],"version-history":[{"count":0,"href":"https:\/\/www.messinaoggi.it\/website\/wp-json\/wp\/v2\/posts\/152651\/revisions"}],"wp:featuredmedia":[{"embeddable":true,"href":"https:\/\/www.messinaoggi.it\/website\/wp-json\/wp\/v2\/media\/152652"}],"wp:attachment":[{"href":"https:\/\/www.messinaoggi.it\/website\/wp-json\/wp\/v2\/media?parent=152651"}],"wp:term":[{"taxonomy":"category","embeddable":true,"href":"https:\/\/www.messinaoggi.it\/website\/wp-json\/wp\/v2\/categories?post=152651"},{"taxonomy":"post_tag","embeddable":true,"href":"https:\/\/www.messinaoggi.it\/website\/wp-json\/wp\/v2\/tags?post=152651"}],"curies":[{"name":"wp","href":"https:\/\/api.w.org\/{rel}","templated":true}]}}