{"id":152601,"date":"2023-04-26T08:21:57","date_gmt":"2023-04-26T06:21:57","guid":{"rendered":"http:\/\/www.messinaoggi.it\/website\/?p=152601"},"modified":"2023-04-26T08:32:24","modified_gmt":"2023-04-26T06:32:24","slug":"pozza-fanghi-vulcano-chieste-audizione-allars","status":"publish","type":"post","link":"https:\/\/www.messinaoggi.it\/website\/2023\/04\/26\/pozza-fanghi-vulcano-chieste-audizione-allars\/","title":{"rendered":"Pozza fanghi Vulcano, chieste audizioni all&#8217;Ars"},"content":{"rendered":"\n<p>Un&#8217;audizione congiunta tra la IV e V Commissione all\u2019ARS e la Regione per la riapertura della &#8216;pozza&#8217; dei fanghi di Vulcano e la limitrofa area delle &#8216;acque calde&#8217;. A chiederne la convocazione \u00e8 la deputata regionale del Movimento 5 Stelle Roberta Schillaci che con una richiesta ufficiale incalza governo regionale, compresi i dipartimenti e l\u2019amministrazione di Lipari a trovare soluzioni per una rapida riapertura del sito termale denominato pozza dei fanghi di Vulcano.  <div id=\"div-gpt-ad-Messinaoggi.it-DSK-300x250-corpoart\" style=\"text-align:center;margin:0 auto;\"><\/div><\/p>\n\n\n\n<p>\u201cIl sito &#8211; spiega Schillaci &#8211; \u00e8 chiuso al pubblico dopo il provvedimento di sequestro dalla Procura di Barcellona Pozzo di Gotto del giugno 2020, per presunti abusi edilizi commessi dalla societ\u00e0 Geoterme che ne gestiva l\u2019accesso. Peccato per\u00f2 che oggi vi \u00e8 un problema di sicurezza perch\u00e9 le persone scavalcano le recinzioni entrando quindi nel sito termale, senza alcun controllo che ne garantisca la sicurezza. La pozza in ogni caso rappresenta, una miniera straordinaria che coniuga benessere, turismo ed economia e che, potenzialmente, attraverso lo sfruttamento del termalismo, potrebbe consentire anche la destagionalizzazione dei flussi turistici. La pozza, considerata patrimonio di comune e diffuso interesse, deve quindi essere oltre che tutelata anche valorizzata\u201d &#8211; conclude la deputata ARS. <div id=\"videoincontent\" style=\"clear:both\";><\/div><\/p>\n\n\n\n<p>La deputata ha chiesto la convocazione di un\u2019audizione congiunta tra le commissioni Ambiente e Territorio e Lavoro dove siano presenti l&#8217;Assessore Regionale per l\u2019energia e i servizi di pubblica utilit\u00e0 Roberto Di Mauro, l&#8217;Assessore Regionale del turismo dello sport e dello spettacolo, Elvira Amata, i dirigenti dei dipartimento dell\u2019energia e del turismo. <\/p>\n","protected":false},"excerpt":{"rendered":"<p>Un&#8217;audizione congiunta tra la IV e V Commissione all\u2019ARS e la Regione per la riapertura della &#8216;pozza&#8217; dei fanghi di Vulcano e la limitrofa area delle &#8216;acque calde&#8217;. A chiederne la convocazione \u00e8 la deputata regionale del Movimento 5 Stelle Roberta Schillaci che con una richiesta ufficiale incalza governo regionale, compresi i dipartimenti e l\u2019amministrazione [&hellip;]<\/p>\n","protected":false},"author":2,"featured_media":44797,"comment_status":"open","ping_status":"open","sticky":false,"template":"","format":"standard","meta":{"ub_ctt_via":"","_mi_skip_tracking":false},"categories":[13,14],"tags":[7612,7611,836,7610],"featured_image_src":"https:\/\/www.messinaoggi.it\/website\/wp-content\/uploads\/2020\/06\/D1AFA764-32AB-4F10-B8B6-51A4F13085F6-scaled-1.jpeg","author_info":{"display_name":"Redazione","author_link":"https:\/\/www.messinaoggi.it\/website\/author\/redazione\/"},"digistream_id":0,"digistream":false,"_links":{"self":[{"href":"https:\/\/www.messinaoggi.it\/website\/wp-json\/wp\/v2\/posts\/152601"}],"collection":[{"href":"https:\/\/www.messinaoggi.it\/website\/wp-json\/wp\/v2\/posts"}],"about":[{"href":"https:\/\/www.messinaoggi.it\/website\/wp-json\/wp\/v2\/types\/post"}],"author":[{"embeddable":true,"href":"https:\/\/www.messinaoggi.it\/website\/wp-json\/wp\/v2\/users\/2"}],"replies":[{"embeddable":true,"href":"https:\/\/www.messinaoggi.it\/website\/wp-json\/wp\/v2\/comments?post=152601"}],"version-history":[{"count":2,"href":"https:\/\/www.messinaoggi.it\/website\/wp-json\/wp\/v2\/posts\/152601\/revisions"}],"predecessor-version":[{"id":152607,"href":"https:\/\/www.messinaoggi.it\/website\/wp-json\/wp\/v2\/posts\/152601\/revisions\/152607"}],"wp:featuredmedia":[{"embeddable":true,"href":"https:\/\/www.messinaoggi.it\/website\/wp-json\/wp\/v2\/media\/44797"}],"wp:attachment":[{"href":"https:\/\/www.messinaoggi.it\/website\/wp-json\/wp\/v2\/media?parent=152601"}],"wp:term":[{"taxonomy":"category","embeddable":true,"href":"https:\/\/www.messinaoggi.it\/website\/wp-json\/wp\/v2\/categories?post=152601"},{"taxonomy":"post_tag","embeddable":true,"href":"https:\/\/www.messinaoggi.it\/website\/wp-json\/wp\/v2\/tags?post=152601"}],"curies":[{"name":"wp","href":"https:\/\/api.w.org\/{rel}","templated":true}]}}