{"id":152587,"date":"2023-04-25T22:07:54","date_gmt":"2023-04-25T20:07:54","guid":{"rendered":"https:\/\/www.messinaoggi.it\/website\/2023\/04\/25\/25-aprile-la-russa-valori-antifascisti-sono-nella-costituzione\/"},"modified":"2023-04-25T22:27:28","modified_gmt":"2023-04-25T20:27:28","slug":"25-aprile-la-russa-valori-antifascisti-sono-nella-costituzione","status":"publish","type":"post","link":"https:\/\/www.messinaoggi.it\/website\/2023\/04\/25\/25-aprile-la-russa-valori-antifascisti-sono-nella-costituzione\/","title":{"rendered":"25 Aprile, La Russa \u201cValori antifascisti sono nella Costituzione\u201d"},"content":{"rendered":"<div>ROMA (ITALPRESS) &#8211; &#8220;Credo che non vi possa essere dubbio che senza la caduta del fascismo la Costituzione non sarebbe mai nata. Anche se la parola &#8220;antifascista&#8221; non c&#8217;\u00e8, i valori in positivo della Resistenza e dell&#8217;antifascismo sono nella prima parte della Costituzione&#8221;. Lo ha detto il presidente del Senato, Ignazio La Russa, ospite di &#8220;Cinque minuti&#8221;, su Raiuno.<br \/>Alla domanda di Bruno Vespa se si consideri antifascista, La Russa ha risposto cos\u00ec: &#8220;Dipende da che significato si d\u00e0 alla parola antifascista. C&#8217;erano antifascisti bianchi, cattolici, rossi, c&#8217;\u00e8 stato anche l&#8217;antifascismo militante degli anni &#8217;70 che ho conosciuto molto bene. Se intende il no deciso alla dittatura e al nostalgismo allora s\u00ec&#8221;.<br \/>&#8220;Il lavoro dei partigiani \u00e8 giustamente riconosciuto, e noi tanti anni fa a Fiuggi i conti li abbiamo fatti, lo abbiamo riconosciuto&#8221;, ha aggiunto La Russa, secondo il quale nei primi anni in cui era in vigore la Costituzione c&#8217;era stato un tentativo reale di riappacificare il Paese, ma dopo &#8220;anzich\u00e8 unire, qualcuno ha sempre avuto la tentazione di usare l&#8217;antifascismo pi\u00f9 per fini strumentali che per giustificata memoria di quello che fu&#8221;.<div id=\"div-gpt-ad-Messinaoggi.it-DSK-300x250-corpoart\" style=\"text-align:center;margin:0 auto;\"><\/div><\/p>\n<p>&#8211; foto Agenziafotogramma.it &#8211;<div id=\"videoincontent\" style=\"clear:both\";><\/div><\/p>\n<p>(ITALPRESS).<\/p><\/div>\n","protected":false},"excerpt":{"rendered":"<p>ROMA (ITALPRESS) &#8211; &#8220;Credo che non vi possa essere dubbio che senza la caduta del fascismo la Costituzione non sarebbe mai nata. Anche se la parola &#8220;antifascista&#8221; non c&#8217;\u00e8, i valori in positivo della Resistenza e dell&#8217;antifascismo sono nella prima parte della Costituzione&#8221;. Lo ha detto il presidente del Senato, Ignazio La Russa, ospite di [&hellip;]<\/p>\n","protected":false},"author":18,"featured_media":152588,"comment_status":"closed","ping_status":"closed","sticky":false,"template":"","format":"standard","meta":{"ub_ctt_via":"","_mi_skip_tracking":false},"categories":[446,4],"tags":[783],"featured_image_src":"https:\/\/www.messinaoggi.it\/website\/wp-content\/uploads\/2023\/04\/20230425_1006.jpg","author_info":{"display_name":"Admin","author_link":"https:\/\/www.messinaoggi.it\/website\/author\/admin\/"},"digistream_id":0,"digistream":false,"_links":{"self":[{"href":"https:\/\/www.messinaoggi.it\/website\/wp-json\/wp\/v2\/posts\/152587"}],"collection":[{"href":"https:\/\/www.messinaoggi.it\/website\/wp-json\/wp\/v2\/posts"}],"about":[{"href":"https:\/\/www.messinaoggi.it\/website\/wp-json\/wp\/v2\/types\/post"}],"author":[{"embeddable":true,"href":"https:\/\/www.messinaoggi.it\/website\/wp-json\/wp\/v2\/users\/18"}],"replies":[{"embeddable":true,"href":"https:\/\/www.messinaoggi.it\/website\/wp-json\/wp\/v2\/comments?post=152587"}],"version-history":[{"count":1,"href":"https:\/\/www.messinaoggi.it\/website\/wp-json\/wp\/v2\/posts\/152587\/revisions"}],"predecessor-version":[{"id":152589,"href":"https:\/\/www.messinaoggi.it\/website\/wp-json\/wp\/v2\/posts\/152587\/revisions\/152589"}],"wp:featuredmedia":[{"embeddable":true,"href":"https:\/\/www.messinaoggi.it\/website\/wp-json\/wp\/v2\/media\/152588"}],"wp:attachment":[{"href":"https:\/\/www.messinaoggi.it\/website\/wp-json\/wp\/v2\/media?parent=152587"}],"wp:term":[{"taxonomy":"category","embeddable":true,"href":"https:\/\/www.messinaoggi.it\/website\/wp-json\/wp\/v2\/categories?post=152587"},{"taxonomy":"post_tag","embeddable":true,"href":"https:\/\/www.messinaoggi.it\/website\/wp-json\/wp\/v2\/tags?post=152587"}],"curies":[{"name":"wp","href":"https:\/\/api.w.org\/{rel}","templated":true}]}}