{"id":15247,"date":"2018-02-05T12:45:11","date_gmt":"2018-02-05T11:45:11","guid":{"rendered":"http:\/\/www.messinaoggi.it\/website\/?p=15247"},"modified":"2018-02-05T12:45:11","modified_gmt":"2018-02-05T11:45:11","slug":"atm-su-ritiro-di-messa-in-liquidazione-e-adeguamento-alla-legge-madia-i-consiglieri-vogliono-vederci-chiaro","status":"publish","type":"post","link":"https:\/\/www.messinaoggi.it\/website\/2018\/02\/05\/atm-su-ritiro-di-messa-in-liquidazione-e-adeguamento-alla-legge-madia-i-consiglieri-vogliono-vederci-chiaro\/","title":{"rendered":"Atm, su ritiro di messa in liquidazione e adeguamento alla legge Madia i consiglieri vogliono vederci chiaro"},"content":{"rendered":"<p style=\"text-align: justify\">Sull\u2019adeguamento dello Statuto Atm alla legge Madia e sulla delibera di revoca di messa in liquidazione dell\u2019azienda, la commissione bilancio ha deciso di non decidere, rinviando ogni discussione al Consiglio Comunale.<div id=\"div-gpt-ad-Messinaoggi.it-DSK-300x250-corpoart\" style=\"text-align:center;margin:0 auto;\"><\/div><\/p>\n<p style=\"text-align: justify\">Due nodi da sciogliere, che riguardano direttamente la gestione dell\u2019azienda di via La Farina, fiore all\u2019occhiello dell\u2019amministrazione Accorinti.<div id=\"videoincontent\" style=\"clear:both\";><\/div><\/p>\n<p style=\"text-align: justify\">Guardiamo alla delibera di messa in liquidazione dell\u2019azienda, cos\u00ec come stabilito dalla delibera 11 C del 2013 che per\u00f2 non \u00e8 stata mai attuata dall\u2019amministrazione nel corso di questi anni. Tra i banchi del Consiglio Comunale, nell\u2019arco di questi anni, c\u2019\u00e8 chi ha messo in discussione la legittimit\u00e0 delle nomine in Atm, proprio perch\u00e9 questa delibera continuava ad esistere.<\/p>\n<p style=\"text-align: justify\">L\u2019assessore alla Mobilit\u00e0, Gaetano Cacciola, ha chiarito proprio questo punto: \u201c<em>Questa delibera nasce dalla necessit\u00e0 di venire incontro al Consiglio Comunale, ci tengo a sottolineare che l\u2019Atm non \u00e8 mai stata in liquidazione \u2013 ha commentato \u2013 c\u2019\u00e8 stato un commissario prima straordinario e poi speciale, che per\u00f2 ha iniziato il proprio lavoro alcuni anni prima della delibera 11 C. Noi per\u00f2 vogliamo fugare ogni dubbio, il Consiglio si sente pi\u00f9 sicuro e l\u2019amministrazione ritirasse ogni ipotesi di messa in liquidazione, noi ci adeguiamo\u201d<\/em>.<\/p>\n<p style=\"text-align: justify\">Discorso diverso per l\u2019adeguamento alla legge Madia, che dispone un taglio del consigli d\u2019amministrazione. Lo Statuto Atm prevede un numero di sette consiglieri, il nuovo Cda \u00e8 composto da sole tre figure, cos\u00ec come previsto dalla nuova legge, solo che ancora l\u2019Atm non si \u00e8 adeguata entro il 30 settembre 2017.<\/p>\n<p style=\"text-align: justify\">Su questo punto Cacciola lancia una stoccata ai consiglieri: \u201c<em>Mi sarei aspettato una presa di posizione pi\u00f9 netta da parte della commissione invece della solita astensione tecnica, che poi \u00e8 una bocciatura camuffata. Purtroppo ci sar\u00e0 l\u2019ennesima delibera che arriver\u00e0 in aula con un parere poco chiaro da parte della commissione competente. Con la creazione nel nuovo consiglio d\u2019amministrazione abbiamo anticipato i tempi, nominando un numero di persone congruo a quanto stabilisce la normativa nazionale. Se poi il Consiglio boccer\u00e0 la delibera allora faremo altre nomine\u201d. <\/em><\/p>\n","protected":false},"excerpt":{"rendered":"<p>Sull\u2019adeguamento dello Statuto Atm alla legge Madia e sulla delibera di revoca di messa in liquidazione dell\u2019azienda, la commissione bilancio ha deciso di non decidere, rinviando ogni discussione al Consiglio Comunale. Due nodi da sciogliere, che riguardano direttamente la gestione dell\u2019azienda di via La Farina, fiore all\u2019occhiello dell\u2019amministrazione Accorinti. Guardiamo alla delibera di messa in [&hellip;]<\/p>\n","protected":false},"author":1,"featured_media":11728,"comment_status":"closed","ping_status":"open","sticky":false,"template":"","format":"standard","meta":{"ub_ctt_via":"","_mi_skip_tracking":false},"categories":[6],"tags":[],"featured_image_src":"https:\/\/www.messinaoggi.it\/website\/wp-content\/uploads\/2017\/11\/Cda-Atm-presentato-al-Comune_Ciccone_Foti_Di-Prima_Accorinti_Cacciola_messinaoggi.jpg","author_info":{"display_name":"admin@admin.com","author_link":"https:\/\/www.messinaoggi.it\/website\/author\/adminadmin-com\/"},"digistream_id":0,"digistream":false,"_links":{"self":[{"href":"https:\/\/www.messinaoggi.it\/website\/wp-json\/wp\/v2\/posts\/15247"}],"collection":[{"href":"https:\/\/www.messinaoggi.it\/website\/wp-json\/wp\/v2\/posts"}],"about":[{"href":"https:\/\/www.messinaoggi.it\/website\/wp-json\/wp\/v2\/types\/post"}],"author":[{"embeddable":true,"href":"https:\/\/www.messinaoggi.it\/website\/wp-json\/wp\/v2\/users\/1"}],"replies":[{"embeddable":true,"href":"https:\/\/www.messinaoggi.it\/website\/wp-json\/wp\/v2\/comments?post=15247"}],"version-history":[{"count":0,"href":"https:\/\/www.messinaoggi.it\/website\/wp-json\/wp\/v2\/posts\/15247\/revisions"}],"wp:featuredmedia":[{"embeddable":true,"href":"https:\/\/www.messinaoggi.it\/website\/wp-json\/wp\/v2\/media\/11728"}],"wp:attachment":[{"href":"https:\/\/www.messinaoggi.it\/website\/wp-json\/wp\/v2\/media?parent=15247"}],"wp:term":[{"taxonomy":"category","embeddable":true,"href":"https:\/\/www.messinaoggi.it\/website\/wp-json\/wp\/v2\/categories?post=15247"},{"taxonomy":"post_tag","embeddable":true,"href":"https:\/\/www.messinaoggi.it\/website\/wp-json\/wp\/v2\/tags?post=15247"}],"curies":[{"name":"wp","href":"https:\/\/api.w.org\/{rel}","templated":true}]}}