{"id":15235,"date":"2018-02-05T09:34:34","date_gmt":"2018-02-05T08:34:34","guid":{"rendered":"http:\/\/www.messinaoggi.it\/website\/?p=15235"},"modified":"2018-02-05T09:34:34","modified_gmt":"2018-02-05T08:34:34","slug":"impianto-di-pace-il-vero-problema-e-il-vincolo-del-ministero","status":"publish","type":"post","link":"https:\/\/www.messinaoggi.it\/website\/2018\/02\/05\/impianto-di-pace-il-vero-problema-e-il-vincolo-del-ministero\/","title":{"rendered":"Impianto di Pace, il vero problema \u00e8 il vincolo del Ministero"},"content":{"rendered":"<p style=\"text-align: justify;\">Per qualcuno \u00e8 la panacea di tutti i mali, per gli ambientalisti si tratta una vera e propria discarica a cielo aperto. Il Governo Musumeci ha dato il benestare per la ripresa dei lavori all\u2019impianto di biostabilizzazione di Pace, che secondo il liquidatore di Messinambiente, Giovanni Calabr\u00f2, liberebbe la citt\u00e0 dall\u2019obbligo del conferimento in discarica. Non sono dello stesso avviso le associazioni ambientaliste, che non hanno avuto alcuna esitazione nell\u2019attaccare bruscamente lo stesso assessore Daniele Ialacqua, che nonostante tutto ha sempre ribadito come a Pace non sarebbe sorta una discarica<em> \u201cvecchio stampo\u201d. <\/em><div id=\"div-gpt-ad-Messinaoggi.it-DSK-300x250-corpoart\" style=\"text-align:center;margin:0 auto;\"><\/div><\/p>\n<p style=\"text-align: justify;\">L\u2019idea del Governo regionale \u00e8 quella di affrontare la crisi dei rifiuti colmando la penuria di strutture volte al trattamento dei rifiuti, da qui la necessit\u00e0 di ripartire da ci\u00f2 che si aveva ed era bloccato. L\u2019impianto di Pace rientra il questa categoria, visto anche il lungo contenzioso tra la stessa Regione e la societ\u00e0 chiamata a realizzare la struttura per un valore di 12 milioni.<div id=\"videoincontent\" style=\"clear:both\";><\/div><\/p>\n<p style=\"text-align: justify;\">Palazzo Zanca aveva accolto con ottimismo le notizie giunte da Palermo, ma per l\u2019assessore Ialacqua il vero problema \u00e8 rappresentato dal vincolo paesaggistico imposto sull\u2019area dal Ministero dell\u2019Ambiente: <em>\u201cAbbiamo appreso della decisione del Presidente Musumeci attraverso la stampa e non per vie ufficiali \u2013 ha dichiarato &#8211; \u00a0abbiamo inviato una comunicazione alla Regione per sapere come si intende proseguire, ma al momento non abbiamo ricevuto risposta. Per noi lo sblocco per la realizzazione dell\u2019impianto sarebbe un evento positivo, temo che per\u00f2 il vero problema sia rappresentato dal vincolo paesaggistico imposto dal Ministero. Questo punto lo ritengo difficilmente sormontabile<\/em>\u201d.<\/p>\n<p style=\"text-align: justify;\">Fresco di passaggio all\u2019Amam, l\u2019ex responsabile per la raccolta differenziata di Messinambiente, Natale Cuc\u00e8, non ha mai nascosto le proprie perplessit\u00e0 sull\u2019impianto: \u201cQualora questa struttura venisse realizzata noi non possiamo fare altro che prenderne atto e farne i conti, ma io ho sempre avuto un\u2019idea diversa. Ritengo i rifiuti vadano fortemente divisi a monte, cio\u00e8 all\u2019interno delle case dei cittadini, ancora si va a riversare in discarica 280 tonnellate di materiale al giorno, ci\u00f2 \u00e8 assurdo e insostenibile. Il secco (vetro, carta, cartone ecc.) pu\u00f2 essere mandato in posti specializzati per il trattamento di questo genere di materiale, invece per l\u2019umido dev\u2019essere adeguato l\u2019impianto di Mili. L\u2019amministrazione ha predisposto una somma di 7 milioni di euro inseriti nel Masterplan, affinch\u00e8 questi materiali trattati in un certo modo possano trasformarsi in una risorsa. Cos\u00ec sarebbe eliminato l\u201980% dei rifiuti e in discarica sarebbe portata una minima parte\u201d.<\/p>\n","protected":false},"excerpt":{"rendered":"<p>Per qualcuno \u00e8 la panacea di tutti i mali, per gli ambientalisti si tratta una vera e propria discarica a cielo aperto. Il Governo Musumeci ha dato il benestare per la ripresa dei lavori all\u2019impianto di biostabilizzazione di Pace, che secondo il liquidatore di Messinambiente, Giovanni Calabr\u00f2, liberebbe la citt\u00e0 dall\u2019obbligo del conferimento in discarica. [&hellip;]<\/p>\n","protected":false},"author":1,"featured_media":2251,"comment_status":"closed","ping_status":"open","sticky":false,"template":"","format":"standard","meta":{"ub_ctt_via":"","_mi_skip_tracking":false},"categories":[6],"tags":[],"featured_image_src":"https:\/\/www.messinaoggi.it\/website\/wp-content\/uploads\/2017\/06\/piazzale-pace-messinambiente-2.jpg","author_info":{"display_name":"admin@admin.com","author_link":"https:\/\/www.messinaoggi.it\/website\/author\/adminadmin-com\/"},"digistream_id":0,"digistream":false,"_links":{"self":[{"href":"https:\/\/www.messinaoggi.it\/website\/wp-json\/wp\/v2\/posts\/15235"}],"collection":[{"href":"https:\/\/www.messinaoggi.it\/website\/wp-json\/wp\/v2\/posts"}],"about":[{"href":"https:\/\/www.messinaoggi.it\/website\/wp-json\/wp\/v2\/types\/post"}],"author":[{"embeddable":true,"href":"https:\/\/www.messinaoggi.it\/website\/wp-json\/wp\/v2\/users\/1"}],"replies":[{"embeddable":true,"href":"https:\/\/www.messinaoggi.it\/website\/wp-json\/wp\/v2\/comments?post=15235"}],"version-history":[{"count":0,"href":"https:\/\/www.messinaoggi.it\/website\/wp-json\/wp\/v2\/posts\/15235\/revisions"}],"wp:featuredmedia":[{"embeddable":true,"href":"https:\/\/www.messinaoggi.it\/website\/wp-json\/wp\/v2\/media\/2251"}],"wp:attachment":[{"href":"https:\/\/www.messinaoggi.it\/website\/wp-json\/wp\/v2\/media?parent=15235"}],"wp:term":[{"taxonomy":"category","embeddable":true,"href":"https:\/\/www.messinaoggi.it\/website\/wp-json\/wp\/v2\/categories?post=15235"},{"taxonomy":"post_tag","embeddable":true,"href":"https:\/\/www.messinaoggi.it\/website\/wp-json\/wp\/v2\/tags?post=15235"}],"curies":[{"name":"wp","href":"https:\/\/api.w.org\/{rel}","templated":true}]}}