{"id":152174,"date":"2023-04-22T09:35:47","date_gmt":"2023-04-22T07:35:47","guid":{"rendered":"http:\/\/www.messinaoggi.it\/website\/?p=152174"},"modified":"2023-04-22T09:35:50","modified_gmt":"2023-04-22T07:35:50","slug":"meta-atm-prosegue-ciclo-di-incontri","status":"publish","type":"post","link":"https:\/\/www.messinaoggi.it\/website\/2023\/04\/22\/meta-atm-prosegue-ciclo-di-incontri\/","title":{"rendered":"&#8220;META-Atm&#8221;, prosegue ciclo di incontri"},"content":{"rendered":"\n<p>E\u2019 proseguito  presso la sala META di ATM, il programma di formazione di ambasciatori socio-ambientali rivolto agli studenti delle scuole cittadine aderenti al progetto \u201c<em>Messina<\/em>\u00a02030 \u2013 Green Events\u201d, a cura dell\u2019Azienda Trasporti\u00a0<em>Messina<\/em>\u00a0e della Societ\u00e0\u00a0<em>Messina<\/em>Servizi Bene\u00a0<em>Comune<\/em>. Nel corso dell\u2019incontro, introdotto dai saluti dei Presidenti di ATM Giuseppe Campagna e di\u00a0<em>Messina<\/em>Servizi Bene\u00a0<em>Comune<\/em>\u00a0Mariagrazia Interdonato, \u00e8 stato trattato il tema relativo alla riduzione dell\u2019emissione di co2 mediante l\u2019utilizzo dei mezzi elettrici. I ragazzi successivamente hanno visionato i bus elettrici e quelli ibridi di nuova generazione. Sono intervenuti il dott. Giovanni Corvitto, esperto in sistemi hardware, video sorveglianza e reti telematiche, insieme alla borsista Irma D\u2019Urso; l\u2019ing. Claudio Bonanzinga, esperto gestionale e ottimizzazione dei sistemi; la sig.ra Rose Maria Gazzara, responsabile dell\u2019area commerciale di ATM; e l\u2019ing. ambientale Daniela Alchirafi, consulente di\u00a0<em>Messina<\/em>Servizi Bene\u00a0<em>Comune<\/em>. Il primo corso di apprendimento, a cura di AMAM e\u00a0<em>Messina<\/em>\u00a0Social City, si \u00e8 tenuto lo scorso venerd\u00ec 14 aprile a Palazzo Zanca, alla presenza del Sindaco Federico Basile, del Provveditore agli Studi Stello Vadal\u00e0, dell\u2019Assessore Liana Cannata e dei Presidenti delle Societ\u00e0 Partecipate del\u00a0<em>Comune<\/em>, firmatari il 15 febbraio scorso del protocollo di intesa finalizzato a promuovere la cultura dello sviluppo ecosostenibile attraverso una strategia di azione congiunta tra l\u2019ente\u00a0<em>Comune<\/em>, le Partecipate e l\u2019Ufficio Scolastico di\u00a0<em>Messina<\/em>. Gli istituti scolastici cittadini che hanno aderito ai percorsi formativi sono l\u2019IIS G. Minutoli, IIS Antonello, Liceo La Farina-Basile, Liceo F. Bisazza, IIS Verona Trento, Liceo Maurolico, Liceo Seguenza, ITES A.M. Jaci e ITTL Caio Duilio. Nel primo incontro sono state discusse le seguenti tematiche: \u201cL\u2019importanza della risorsa acqua e il servizio idrico in citt\u00e0\u201d, con l\u2019intervento dell\u2019ing. Luigi Lamberto; \u201cIo, l\u2019altro e il mondo\u201d, su cui ha relazionato Loredana Pumo, pedagogista dell\u2019Azienda Speciale MSC.<div id=\"div-gpt-ad-Messinaoggi.it-DSK-300x250-corpoart\" style=\"text-align:center;margin:0 auto;\"><\/div><\/p>\n\n\n\n<figure class=\"wp-block-image is-resized\"><a href=\"https:\/\/comune.messina.it\/wp-content\/uploads\/2023\/04\/2-7.jpg\" target=\"_blank\" rel=\"noreferrer noopener\"><img loading=\"lazy\" src=\"https:\/\/comune.messina.it\/wp-content\/uploads\/2023\/04\/2-7-300x225.jpg\" alt=\"\" width=\"542\" height=\"407\"\/><\/a><\/figure>\n\n\n\n<p>Presente il Sindaco Federico Basile, mercoled\u00ec 26, a partire dalle ore 9, nel Salone delle Bandiere a palazzo Zanca, si svolger\u00e0 la cerimonia di consegna degli attestati agli studenti che hanno partecipato ai corsi di formazione di ambasciatori socio-ambientali. All\u2019appuntamento prenderanno parte l\u2019Assessore Cannata, il Provveditore agli Studi Vadal\u00e0 e i Presidenti delle Societ\u00e0 Partecipate AMAM, <em>Messina<\/em>Servizi Bene <em>Comune<\/em>, <em>Messina<\/em> Social City e ATM SpA rispettivamente, Loredana Bonasera, Mariagrazia Interdonato, Valeria Asquini e Giuseppe Campagna.<div id=\"videoincontent\" style=\"clear:both\";><\/div><\/p>\n","protected":false},"excerpt":{"rendered":"<p>E\u2019 proseguito presso la sala META di ATM, il programma di formazione di ambasciatori socio-ambientali rivolto agli studenti delle scuole cittadine aderenti al progetto \u201cMessina\u00a02030 \u2013 Green Events\u201d, a cura dell\u2019Azienda Trasporti\u00a0Messina\u00a0e della Societ\u00e0\u00a0MessinaServizi Bene\u00a0Comune. Nel corso dell\u2019incontro, introdotto dai saluti dei Presidenti di ATM Giuseppe Campagna e di\u00a0MessinaServizi Bene\u00a0Comune\u00a0Mariagrazia Interdonato, \u00e8 stato trattato il [&hellip;]<\/p>\n","protected":false},"author":2,"featured_media":152175,"comment_status":"open","ping_status":"open","sticky":false,"template":"","format":"standard","meta":{"ub_ctt_via":"","_mi_skip_tracking":false},"categories":[5],"tags":[1004,7582,1553,7581],"featured_image_src":"https:\/\/www.messinaoggi.it\/website\/wp-content\/uploads\/2023\/04\/1-12-300x225-1.jpg","author_info":{"display_name":"Redazione","author_link":"https:\/\/www.messinaoggi.it\/website\/author\/redazione\/"},"digistream_id":0,"digistream":false,"_links":{"self":[{"href":"https:\/\/www.messinaoggi.it\/website\/wp-json\/wp\/v2\/posts\/152174"}],"collection":[{"href":"https:\/\/www.messinaoggi.it\/website\/wp-json\/wp\/v2\/posts"}],"about":[{"href":"https:\/\/www.messinaoggi.it\/website\/wp-json\/wp\/v2\/types\/post"}],"author":[{"embeddable":true,"href":"https:\/\/www.messinaoggi.it\/website\/wp-json\/wp\/v2\/users\/2"}],"replies":[{"embeddable":true,"href":"https:\/\/www.messinaoggi.it\/website\/wp-json\/wp\/v2\/comments?post=152174"}],"version-history":[{"count":1,"href":"https:\/\/www.messinaoggi.it\/website\/wp-json\/wp\/v2\/posts\/152174\/revisions"}],"predecessor-version":[{"id":152176,"href":"https:\/\/www.messinaoggi.it\/website\/wp-json\/wp\/v2\/posts\/152174\/revisions\/152176"}],"wp:featuredmedia":[{"embeddable":true,"href":"https:\/\/www.messinaoggi.it\/website\/wp-json\/wp\/v2\/media\/152175"}],"wp:attachment":[{"href":"https:\/\/www.messinaoggi.it\/website\/wp-json\/wp\/v2\/media?parent=152174"}],"wp:term":[{"taxonomy":"category","embeddable":true,"href":"https:\/\/www.messinaoggi.it\/website\/wp-json\/wp\/v2\/categories?post=152174"},{"taxonomy":"post_tag","embeddable":true,"href":"https:\/\/www.messinaoggi.it\/website\/wp-json\/wp\/v2\/tags?post=152174"}],"curies":[{"name":"wp","href":"https:\/\/api.w.org\/{rel}","templated":true}]}}