{"id":152122,"date":"2023-04-22T07:00:08","date_gmt":"2023-04-22T05:00:08","guid":{"rendered":"http:\/\/www.messinaoggi.it\/website\/?p=152122"},"modified":"2023-04-22T09:14:20","modified_gmt":"2023-04-22T07:14:20","slug":"ivo-blandina-presiedera-la-uniontrasporti","status":"publish","type":"post","link":"https:\/\/www.messinaoggi.it\/website\/2023\/04\/22\/ivo-blandina-presiedera-la-uniontrasporti\/","title":{"rendered":"Ivo Blandina presieder\u00e0 la Uniontrasporti"},"content":{"rendered":"\n<p>Il presidente della Camera di commercio di Messina, Ivo Blandina, \u00e8 il nuovo presidente di Uniontrasporti, la societ\u00e0 consortile in house di Unioncamere e delle Camere di commercio nata nel 1990 per sostenere lo sviluppo e la strategicit\u00e0 di un sistema dei trasporti competitivo, di una logistica efficiente, di infrastrutture moderne e di una connettivit\u00e0 all\u2019avanguardia. L\u2019assemblea dei soci lo ha nominato presidente del Consiglio di amministrazione della societ\u00e0 per il triennio 2023-2026.<div id=\"div-gpt-ad-Messinaoggi.it-DSK-300x250-corpoart\" style=\"text-align:center;margin:0 auto;\"><\/div><\/p>\n\n\n\n<p>\u201cRingrazio Unioncamere, i soci e il presidente Zambianchi per aver costruito una realt\u00e0 solida, florida, partecipata e visibile \u2013 afferma Blandina &#8211; sia al sistema che all\u2019esterno. Manterr\u00f2 la traiettoria di crescita tracciata in questi anni coinvolgendo tutti e cercher\u00f2 di tenere la stessa prospettiva in favore del mondo della logistica e dei trasporti, fondamentali per la competitivit\u00e0 del nostro sistema produttivo. Non mancheranno impegno e dedizione&#8221;.<div id=\"videoincontent\" style=\"clear:both\";><\/div><\/p>\n","protected":false},"excerpt":{"rendered":"<p>Il presidente della Camera di commercio di Messina, Ivo Blandina, \u00e8 il nuovo presidente di Uniontrasporti, la societ\u00e0 consortile in house di Unioncamere e delle Camere di commercio nata nel 1990 per sostenere lo sviluppo e la strategicit\u00e0 di un sistema dei trasporti competitivo, di una logistica efficiente, di infrastrutture moderne e di una connettivit\u00e0 [&hellip;]<\/p>\n","protected":false},"author":8,"featured_media":4941,"comment_status":"open","ping_status":"open","sticky":false,"template":"","format":"standard","meta":{"ub_ctt_via":"","_mi_skip_tracking":false},"categories":[6],"tags":[4201,7569],"featured_image_src":"https:\/\/www.messinaoggi.it\/website\/wp-content\/uploads\/2017\/07\/blandina-ivo-RRP_7237-2.jpg","author_info":{"display_name":"red..me","author_link":"https:\/\/www.messinaoggi.it\/website\/author\/redstage\/"},"digistream_id":0,"digistream":false,"_links":{"self":[{"href":"https:\/\/www.messinaoggi.it\/website\/wp-json\/wp\/v2\/posts\/152122"}],"collection":[{"href":"https:\/\/www.messinaoggi.it\/website\/wp-json\/wp\/v2\/posts"}],"about":[{"href":"https:\/\/www.messinaoggi.it\/website\/wp-json\/wp\/v2\/types\/post"}],"author":[{"embeddable":true,"href":"https:\/\/www.messinaoggi.it\/website\/wp-json\/wp\/v2\/users\/8"}],"replies":[{"embeddable":true,"href":"https:\/\/www.messinaoggi.it\/website\/wp-json\/wp\/v2\/comments?post=152122"}],"version-history":[{"count":1,"href":"https:\/\/www.messinaoggi.it\/website\/wp-json\/wp\/v2\/posts\/152122\/revisions"}],"predecessor-version":[{"id":152123,"href":"https:\/\/www.messinaoggi.it\/website\/wp-json\/wp\/v2\/posts\/152122\/revisions\/152123"}],"wp:featuredmedia":[{"embeddable":true,"href":"https:\/\/www.messinaoggi.it\/website\/wp-json\/wp\/v2\/media\/4941"}],"wp:attachment":[{"href":"https:\/\/www.messinaoggi.it\/website\/wp-json\/wp\/v2\/media?parent=152122"}],"wp:term":[{"taxonomy":"category","embeddable":true,"href":"https:\/\/www.messinaoggi.it\/website\/wp-json\/wp\/v2\/categories?post=152122"},{"taxonomy":"post_tag","embeddable":true,"href":"https:\/\/www.messinaoggi.it\/website\/wp-json\/wp\/v2\/tags?post=152122"}],"curies":[{"name":"wp","href":"https:\/\/api.w.org\/{rel}","templated":true}]}}