{"id":152117,"date":"2023-04-21T18:30:21","date_gmt":"2023-04-21T16:30:21","guid":{"rendered":"http:\/\/www.messinaoggi.it\/website\/?p=152117"},"modified":"2023-04-21T18:30:22","modified_gmt":"2023-04-21T16:30:22","slug":"stretto-domani-inizia-la-campagna-adesioni-al-comitato-ponte-e-liberta","status":"publish","type":"post","link":"https:\/\/www.messinaoggi.it\/website\/2023\/04\/21\/stretto-domani-inizia-la-campagna-adesioni-al-comitato-ponte-e-liberta\/","title":{"rendered":"Stretto, domani inizia la campagna adesioni al comitato \u201cPonte e Libert\u00e0\u201d"},"content":{"rendered":"\n<p>\u201cLa partecipazione dei messinesi \u00e8 fondamentale e li aspettiamo numerosi&#8221;. Cos\u00ec il senatore siciliano Nino German\u00e0, annunciando che i rappresentanti del comitato \u201cPonte e Libert\u00e0\u201d, domani alle 10, saranno in Piazza Cairoli, a Messina, per dare il via alla campagna di adesioni al comitato. Il comitato sar\u00e0 rappresentato, oltre che da German\u00e0, dagli ingegneri Giacomo Guglielmo e Mauro Fileccia.<div id=\"div-gpt-ad-Messinaoggi.it-DSK-300x250-corpoart\" style=\"text-align:center;margin:0 auto;\"><\/div><\/p>\n\n\n\n<p>\u201cAbbiamo fondato il Comitato \u201cPonte e Libert\u00e0\u201d perch\u00e9 ci siamo resi conto della necessit\u00e0 di sfatare le fake news rispetto alla realizzazione del Ponte sullo Stretto. \u2013 spiega  German\u00e0 &#8211; Un&#8217;opera fondamentale per l&#8217;economia del Mezzogiorno, per il miglioramento della rete ferroviaria in Sicilia e per dare voce a cittadini e imprese.  La realizzazione della struttura ha avuto inoltre parere favorevole anche da parte di numerosi esperti a livello nazionale e internazionale, oltre al Consiglio Nazionale degli ingegneri italiani, e al prestigioso team di progetto, attestandone l\u2019inconfutabile verit\u00e0 tecnica.<div id=\"videoincontent\" style=\"clear:both\";><\/div><\/p>\n\n\n\n<p>\u201cDiversi professionisti qualificati, tra cui Mauro Dolce, professore di Tecnica delle costruzioni presso l\u2019Universit\u00e0 di Napoli, e Andrea Taras, professore e direttore dell\u2019istituto d\u2019ingegneria strutturale, Politecnico Federale di Zurigo (Eth), intervenendo durante le audizioni alle commissioni riunite Ambiente e Trasporti della Camera, hanno confermato la fattibilit\u00e0 dell\u2019opera, la resistenza a eventuali \u2018eventi sismici\u2019 e i vantaggi che apporterebbe. Il Ponte \u00e8 strategico per la Sicilia e per l\u2019Italia, e finalmente, grazie al vicepremier Matteo Salvini, si passa dalle parole ai fatti.<\/p>\n\n\n\n<p>\u201cDomani saremo in piazza Cairoli dalle 10.00 alle 13.00 per spiegare, chiarire e condividere questa battaglia importantissima non solo per Messina, ma anche per la Sicilia e l&#8217;Italia\u201d.<\/p>\n","protected":false},"excerpt":{"rendered":"<p>\u201cLa partecipazione dei messinesi \u00e8 fondamentale e li aspettiamo numerosi&#8221;. Cos\u00ec il senatore siciliano Nino German\u00e0, annunciando che i rappresentanti del comitato \u201cPonte e Libert\u00e0\u201d, domani alle 10, saranno in Piazza Cairoli, a Messina, per dare il via alla campagna di adesioni al comitato. Il comitato sar\u00e0 rappresentato, oltre che da German\u00e0, dagli ingegneri Giacomo [&hellip;]<\/p>\n","protected":false},"author":8,"featured_media":151538,"comment_status":"open","ping_status":"open","sticky":false,"template":"","format":"standard","meta":{"ub_ctt_via":"","_mi_skip_tracking":false},"categories":[4],"tags":[7289,7290,1082,7288,630],"featured_image_src":"https:\/\/www.messinaoggi.it\/website\/wp-content\/uploads\/2023\/04\/WhatsApp-Image-2023-04-17-at-18.40.41.jpg","author_info":{"display_name":"red..me","author_link":"https:\/\/www.messinaoggi.it\/website\/author\/redstage\/"},"digistream_id":0,"digistream":false,"_links":{"self":[{"href":"https:\/\/www.messinaoggi.it\/website\/wp-json\/wp\/v2\/posts\/152117"}],"collection":[{"href":"https:\/\/www.messinaoggi.it\/website\/wp-json\/wp\/v2\/posts"}],"about":[{"href":"https:\/\/www.messinaoggi.it\/website\/wp-json\/wp\/v2\/types\/post"}],"author":[{"embeddable":true,"href":"https:\/\/www.messinaoggi.it\/website\/wp-json\/wp\/v2\/users\/8"}],"replies":[{"embeddable":true,"href":"https:\/\/www.messinaoggi.it\/website\/wp-json\/wp\/v2\/comments?post=152117"}],"version-history":[{"count":1,"href":"https:\/\/www.messinaoggi.it\/website\/wp-json\/wp\/v2\/posts\/152117\/revisions"}],"predecessor-version":[{"id":152118,"href":"https:\/\/www.messinaoggi.it\/website\/wp-json\/wp\/v2\/posts\/152117\/revisions\/152118"}],"wp:featuredmedia":[{"embeddable":true,"href":"https:\/\/www.messinaoggi.it\/website\/wp-json\/wp\/v2\/media\/151538"}],"wp:attachment":[{"href":"https:\/\/www.messinaoggi.it\/website\/wp-json\/wp\/v2\/media?parent=152117"}],"wp:term":[{"taxonomy":"category","embeddable":true,"href":"https:\/\/www.messinaoggi.it\/website\/wp-json\/wp\/v2\/categories?post=152117"},{"taxonomy":"post_tag","embeddable":true,"href":"https:\/\/www.messinaoggi.it\/website\/wp-json\/wp\/v2\/tags?post=152117"}],"curies":[{"name":"wp","href":"https:\/\/api.w.org\/{rel}","templated":true}]}}