{"id":151969,"date":"2023-04-21T09:07:53","date_gmt":"2023-04-21T07:07:53","guid":{"rendered":"https:\/\/www.messinaoggi.it\/website\/2023\/04\/21\/25-aprile-la-russa-lantifascismo-non-e-nella-costituzione\/"},"modified":"2023-04-21T09:17:59","modified_gmt":"2023-04-21T07:17:59","slug":"25-aprile-la-russa-lantifascismo-non-e-nella-costituzione","status":"publish","type":"post","link":"https:\/\/www.messinaoggi.it\/website\/2023\/04\/21\/25-aprile-la-russa-lantifascismo-non-e-nella-costituzione\/","title":{"rendered":"25 aprile, La Russa \u201cL\u2019antifascismo non \u00e8 nella Costituzione\u201d"},"content":{"rendered":"<div>R0MA (ITALPRESS) &#8211; &#8220;Condivido appieno i valori della Resistenza, vista come superamento di una dittatura. Il problema \u00e8 che di quei valori si sono appropriati il Pci e poi la sinistra. Questo \u00e8 un fatto storico. E a questo mi sono sempre opposto&#8221;. Lo dice il presidente del Senato, Ignazio La Russa, in vista del 25 aprile. &#8220;Nella Costituzione non c&#8217;\u00e8 alcun riferimento all&#8217;antifascismo. Perch\u00e8? Io credo semplicemente che ci\u00f2 accadde sotto la spinta dei partiti moderati che non volevano fare questo regalo al Pci e all&#8217;Urss&#8221;, sottolinea in un colloquio con il quotidiano &#8220;La Repubblica&#8221;. &#8220;Il fatto che io abbia sposato la svolta di Fiuggi parla di me. Che devo fare? Poi Fini \u00e8 andato oltre, ma io credo comunque che quando ha definito il fascismo male assoluto parlasse delle leggi razziali. Qualsiasi cosa si dica o si faccia viene strumentalizzata &#8211; afferma La Russa &#8211; E finiamo costretti sempre a inseguire la polemica. Allora rinuncio pure a fare commenti, come \u00e8 accaduto in Israele. Faccio un esempio: se togliamo la fiamma dal simbolo di FdI, ci rinfacceranno il riferimento alla Nazione e poi ne troveranno altre. E&#8217; una gara a cui non sento di partecipare&#8221;.<br \/>\nSecondo La Russa anche Lollobrigida, che ha additato la sostituzione etnica, \u00e8 stato frainteso: &#8220;Ma pensa davvero che Lollobrigida sia un suprematista bianco? Lui stesso ha detto che non sapeva quello che diceva, o meglio non conosceva la teoria complottista di Kalergi&#8221;. Cosa far\u00e0 il 25 aprile? Parteciper\u00e0 alle celebrazioni? &#8220;Far\u00f2 una cosa che metter\u00e0 d&#8217;accordo tutti&#8221;, conclude.<div id=\"div-gpt-ad-Messinaoggi.it-DSK-300x250-corpoart\" style=\"text-align:center;margin:0 auto;\"><\/div><\/p>\n<p>&#8211; foto agenziafotogramma.it &#8211;<br \/>\n(ITALPRESS).<div id=\"videoincontent\" style=\"clear:both\";><\/div><\/p><\/div>\n","protected":false},"excerpt":{"rendered":"<p>R0MA (ITALPRESS) &#8211; &#8220;Condivido appieno i valori della Resistenza, vista come superamento di una dittatura. Il problema \u00e8 che di quei valori si sono appropriati il Pci e poi la sinistra. Questo \u00e8 un fatto storico. E a questo mi sono sempre opposto&#8221;. Lo dice il presidente del Senato, Ignazio La Russa, in vista del [&hellip;]<\/p>\n","protected":false},"author":18,"featured_media":151970,"comment_status":"closed","ping_status":"closed","sticky":false,"template":"","format":"standard","meta":{"ub_ctt_via":"","_mi_skip_tracking":false},"categories":[446,6],"tags":[783],"featured_image_src":"https:\/\/www.messinaoggi.it\/website\/wp-content\/uploads\/2023\/04\/20230421_0074.jpg","author_info":{"display_name":"Admin","author_link":"https:\/\/www.messinaoggi.it\/website\/author\/admin\/"},"digistream_id":0,"digistream":false,"_links":{"self":[{"href":"https:\/\/www.messinaoggi.it\/website\/wp-json\/wp\/v2\/posts\/151969"}],"collection":[{"href":"https:\/\/www.messinaoggi.it\/website\/wp-json\/wp\/v2\/posts"}],"about":[{"href":"https:\/\/www.messinaoggi.it\/website\/wp-json\/wp\/v2\/types\/post"}],"author":[{"embeddable":true,"href":"https:\/\/www.messinaoggi.it\/website\/wp-json\/wp\/v2\/users\/18"}],"replies":[{"embeddable":true,"href":"https:\/\/www.messinaoggi.it\/website\/wp-json\/wp\/v2\/comments?post=151969"}],"version-history":[{"count":1,"href":"https:\/\/www.messinaoggi.it\/website\/wp-json\/wp\/v2\/posts\/151969\/revisions"}],"predecessor-version":[{"id":151973,"href":"https:\/\/www.messinaoggi.it\/website\/wp-json\/wp\/v2\/posts\/151969\/revisions\/151973"}],"wp:featuredmedia":[{"embeddable":true,"href":"https:\/\/www.messinaoggi.it\/website\/wp-json\/wp\/v2\/media\/151970"}],"wp:attachment":[{"href":"https:\/\/www.messinaoggi.it\/website\/wp-json\/wp\/v2\/media?parent=151969"}],"wp:term":[{"taxonomy":"category","embeddable":true,"href":"https:\/\/www.messinaoggi.it\/website\/wp-json\/wp\/v2\/categories?post=151969"},{"taxonomy":"post_tag","embeddable":true,"href":"https:\/\/www.messinaoggi.it\/website\/wp-json\/wp\/v2\/tags?post=151969"}],"curies":[{"name":"wp","href":"https:\/\/api.w.org\/{rel}","templated":true}]}}