{"id":151795,"date":"2023-04-20T10:35:37","date_gmt":"2023-04-20T08:35:37","guid":{"rendered":"http:\/\/www.messinaoggi.it\/website\/?p=151795"},"modified":"2023-04-20T10:55:44","modified_gmt":"2023-04-20T08:55:44","slug":"uil-fpl-ecco-come-sara-la-sanita-post-covid","status":"publish","type":"post","link":"https:\/\/www.messinaoggi.it\/website\/2023\/04\/20\/uil-fpl-ecco-come-sara-la-sanita-post-covid\/","title":{"rendered":"Uil-Fpl: ecco come sar\u00e0 la Sanit\u00e0 post-Covid"},"content":{"rendered":"\n<p>Quale Sanit\u00e0 dopo il Covid?\u201d. A questo interrogativo la Uil-Fpl di Messina con la Uil-Pensionati e la Uil ha tentato di dare una risposta al termine di un convegno, al quale hanno partecipato i principali \u201cattori\u201d della Sanit\u00e0 cittadina. <div id=\"div-gpt-ad-Messinaoggi.it-DSK-300x250-corpoart\" style=\"text-align:center;margin:0 auto;\"><\/div><\/p>\n\n\n\n<p>I lavori, in una sala affollata al\u2019inverosimile da medici e operatori della Sanit\u00e0, sono stati introdotti da <strong>Livio Andronico<\/strong>, segretario generale della Uil-Fpl di Messina, e conclusi da <strong>Domenico Proietti<\/strong>, segretario confederale della Uil e Commissario straordinario della Uil-Fpl. Un convegno che ha visto la partecipazione dei vertici regionali della Uil, come <strong>Luisella Lionti<\/strong> (Segretario generale),<strong> Claudio Barone<\/strong> (segretario generale Uil-Pensionati Sicilia), <strong>Salvatore Sampino<\/strong> (segretario generale Uil-Fpl Sicilia), e quelli provinciali <strong>Ivan Tripodi<\/strong>, segretario generale della Uil-Messina, <strong>Pippo Calapai<\/strong>, segretario provinciale della Uil-Pensionati, e <strong>Corrado Lamanna<\/strong>, coordinatore provinciale area medica Uil-Fpl. <div id=\"videoincontent\" style=\"clear:both\";><\/div><\/p>\n\n\n\n<figure class=\"wp-block-image size-large\"><img loading=\"lazy\" width=\"1024\" height=\"683\" src=\"http:\/\/www.messinaoggi.it\/website\/wp-content\/uploads\/2023\/04\/IMG_9508-1024x683.jpg\" alt=\"Uil convegno sanit\u00e0\" class=\"wp-image-151798\" srcset=\"https:\/\/www.messinaoggi.it\/website\/wp-content\/uploads\/2023\/04\/IMG_9508-1024x683.jpg 1024w, https:\/\/www.messinaoggi.it\/website\/wp-content\/uploads\/2023\/04\/IMG_9508-300x200.jpg 300w, https:\/\/www.messinaoggi.it\/website\/wp-content\/uploads\/2023\/04\/IMG_9508-768x512.jpg 768w, https:\/\/www.messinaoggi.it\/website\/wp-content\/uploads\/2023\/04\/IMG_9508-1536x1024.jpg 1536w, https:\/\/www.messinaoggi.it\/website\/wp-content\/uploads\/2023\/04\/IMG_9508-2048x1365.jpg 2048w\" sizes=\"(max-width: 1024px) 100vw, 1024px\" \/><figcaption><strong>Il tavolo dei relatori dell&#8217;interessante convegno sulla Sanit\u00e0 post Covid<\/strong><\/figcaption><\/figure>\n\n\n\n<p>In programma qualificati gli interventi degli \u201cattori\u201d della Sanit\u00e0 locale come <strong>Gianpiero Bonaccorsi,<\/strong> commissario straordinario del Policlinico Martino di Messina; e <strong>Giacomo Caudo<\/strong>, presidente dell\u2019Ordine dei Medici. La conclusione alla quale si \u00e8 giunti al termine del convegno \u00e8 che il Covid ha consegnato una Sanit\u00e0 completamente diversa.<\/p>\n\n\n\n<p>   \u201c<em>La Pandemia da Sars Cov 2 (Covid 19) ha comportato molteplici ed inevitabili cambiamenti, oltre a quelli politici sociali ed economici. Il mondo sanitario \u00e8 stato quello pi\u00f9 colpito e sono emersi i gravissimi problemi della Sanit\u00e0 Pubblica delineandosi grandissime difficolt\u00e0<\/em>\u201d.   <\/p>\n\n\n\n<p>Lo ha detto <strong>Livio Andronico<\/strong>, nel corso della sua relazione introduttiva durante la quale ha fatto un excursus su quanto accaduto durante e dopo la Pandemia. Poi ha focalizzato la sua attenzione sulla pericolosa spada di Damocle dell\u2019Autononia differenziata, che avr\u00e0 riflessi innegabili sull\u2019offerta sanitaria.   <\/p>\n\n\n\n<p>\u201c<em>L&#8217;annunciato disegno di Legge dell&#8217;autonomia differenziata, rischia di creare concretamente un danno enorme al nostro Sistema Sanitario perch\u00e9, invece di colmare le differenze, le accentua creando differenze in tutte le regioni aggravando le differenze storiche che insistono nel Paese\u201d. Infine \u201cfocus\u201d sulle innovazioni tecnologiche: \u201cL&#8217;innovazione tecnologica ha un ruolo Centrale nella riorganizzazione del sistema sanitario, in particolare sposta il fulcro dall&#8217;assistenza dell&#8217;ospedale, all&#8217;assistenza sul territorio facilitandone l&#8217;accesso alle prestazioni, ed assicurando una maggiore equit\u00e0 di accesso anche dei territori pi\u00f9 difficili, quindi bisogna passare da una logica sperimentale ad una logica strutturale di tutti i servizi previsti dalla Telemedicina<\/em>\u201d.   <\/p>\n\n\n\n<p>Ha concluso cos\u00ec il segretario della Uil-Fpl di Messina,<strong> Livio Andronico<\/strong>.<\/p>\n","protected":false},"excerpt":{"rendered":"<p>Quale Sanit\u00e0 dopo il Covid?\u201d. A questo interrogativo la Uil-Fpl di Messina con la Uil-Pensionati e la Uil ha tentato di dare una risposta al termine di un convegno, al quale hanno partecipato i principali \u201cattori\u201d della Sanit\u00e0 cittadina. I lavori, in una sala affollata al\u2019inverosimile da medici e operatori della Sanit\u00e0, sono stati introdotti [&hellip;]<\/p>\n","protected":false},"author":2,"featured_media":151799,"comment_status":"open","ping_status":"open","sticky":false,"template":"","format":"standard","meta":{"ub_ctt_via":"","_mi_skip_tracking":false},"categories":[19],"tags":[7545,954,2462,114,141,4325,115],"featured_image_src":"https:\/\/www.messinaoggi.it\/website\/wp-content\/uploads\/2023\/04\/IMG_9757-scaled.jpg","author_info":{"display_name":"Redazione","author_link":"https:\/\/www.messinaoggi.it\/website\/author\/redazione\/"},"digistream_id":0,"digistream":false,"_links":{"self":[{"href":"https:\/\/www.messinaoggi.it\/website\/wp-json\/wp\/v2\/posts\/151795"}],"collection":[{"href":"https:\/\/www.messinaoggi.it\/website\/wp-json\/wp\/v2\/posts"}],"about":[{"href":"https:\/\/www.messinaoggi.it\/website\/wp-json\/wp\/v2\/types\/post"}],"author":[{"embeddable":true,"href":"https:\/\/www.messinaoggi.it\/website\/wp-json\/wp\/v2\/users\/2"}],"replies":[{"embeddable":true,"href":"https:\/\/www.messinaoggi.it\/website\/wp-json\/wp\/v2\/comments?post=151795"}],"version-history":[{"count":2,"href":"https:\/\/www.messinaoggi.it\/website\/wp-json\/wp\/v2\/posts\/151795\/revisions"}],"predecessor-version":[{"id":151810,"href":"https:\/\/www.messinaoggi.it\/website\/wp-json\/wp\/v2\/posts\/151795\/revisions\/151810"}],"wp:featuredmedia":[{"embeddable":true,"href":"https:\/\/www.messinaoggi.it\/website\/wp-json\/wp\/v2\/media\/151799"}],"wp:attachment":[{"href":"https:\/\/www.messinaoggi.it\/website\/wp-json\/wp\/v2\/media?parent=151795"}],"wp:term":[{"taxonomy":"category","embeddable":true,"href":"https:\/\/www.messinaoggi.it\/website\/wp-json\/wp\/v2\/categories?post=151795"},{"taxonomy":"post_tag","embeddable":true,"href":"https:\/\/www.messinaoggi.it\/website\/wp-json\/wp\/v2\/tags?post=151795"}],"curies":[{"name":"wp","href":"https:\/\/api.w.org\/{rel}","templated":true}]}}