{"id":15159,"date":"2018-02-03T16:41:35","date_gmt":"2018-02-03T15:41:35","guid":{"rendered":"http:\/\/www.messinaoggi.it\/website\/?p=15159"},"modified":"2018-02-03T16:41:35","modified_gmt":"2018-02-03T15:41:35","slug":"messina-in-emergenza-ma-con-la-gelbison-servono-i-3-punti-modica-tifosi-abbiamo-bisogno-di-voi","status":"publish","type":"post","link":"https:\/\/www.messinaoggi.it\/website\/2018\/02\/03\/messina-in-emergenza-ma-con-la-gelbison-servono-i-3-punti-modica-tifosi-abbiamo-bisogno-di-voi\/","title":{"rendered":"Messina in emergenza, ma con la Gelbison servono i 3 punti. Modica: &quot;Tifosi, abbiamo bisogno di voi&quot;"},"content":{"rendered":"<p style=\"text-align: justify\">Il pareggio di Gela ha lasciato parecchio amaro in bocca soprattutto per il discusso postgara, ma adesso serve tornare al successo a partire dal match interno contro la Gelbison.. Giacomo Modica per\u00f2 dovr\u00e0 fare a meno di parecchi elementi, a partire da Inzoudine fermato per ben 5 turni dal giudice sportivo. L\u2019emergenza difesa infatti fa il paio con quella a centrocampo.\u00a0Bruno in settimana ha avuto qualche problema, ma dovrebbe farcela. Preoccupano in particolare le condizioni di Bettini, che non \u00e8 affatto destinato a recuperare in tempi brevi e per questo motivo ha addirittura preferito lasciare il gruppo, mentre anche l\u2019ormai lungodegente Migliorini non sembra ancora pronto a tornare in campo.<div id=\"div-gpt-ad-Messinaoggi.it-DSK-300x250-corpoart\" style=\"text-align:center;margin:0 auto;\"><\/div><\/p>\n<p style=\"text-align: justify\">Problemi anche in attacco viste le sicure assenze di Cocuzza e Carini,m insomma un vero e proprio\u00a0 bollettino di guerra a cui porvi rimedio dev\u2019essere proprio il tecnico palermitano. L\u2019assenza di Inzoudine \u00e8 quella pi\u00f9 fastidiosa, perch\u00e9 il francese aveva fatto si che la manovra fosse pi\u00f9 equilibrata: <em>\u201c\u00c8 qui da due mesi e mezzo. Conosco a malapena la sua voce, \u00e8 molto educato. I compagni gli sono stati accanto. Ha messo le mani addosso a qualcuno per divincolarsi. Ci\u00f2 non giustifica la reazione, ma cinque giornate sono comunque eccessive. Dopo il danno subiamo la beffa. C\u2019\u00e8 amarezza e delusione. Anche Polito, che \u00e8 un bravo ragazzo, paga eccessivamente. Ci vorrebbe qualche pena per i loro dirigenti piuttosto\u201d.<\/em><div id=\"videoincontent\" style=\"clear:both\";><\/div><\/p>\n<p style=\"text-align: justify\">Le speranze sono tutte riposte nell\u2019avvocato Cesare Di Cintio che ha gi\u00e0 presentato ricorso: <em>&#8220;Volevamo giocare a calcio e non partecipare ad un incontro di boxe. Abbiamo assistito e vissuto ad un terremoto dentro il nostro spogliatoio, non \u00e8 accettabile. Ad ogni modo adesso c\u2019\u00e8 un esperto di diritto sportivo che se ne occuper\u00e0, al quale si \u00e8 affidato il presidente Se leggiamo il referto, pensiamo alla multa, pi\u00f9 rilevante quella comminata a noi che a loro, alle squalifiche di Frisone e Inzoudine sembra che siamo stati noi ad iniziare. Purtroppo non \u00e8 cos\u00ec. Il direttore di gara ha visto purtroppo solo le fasi conclusive della rissa e non l\u2019inizio\u201d<\/em>.<\/p>\n<p style=\"text-align: justify\">A sinistra possibile chance per Cassaro: <em>\u201cAbbiamo aspettato con pazienza Inzoudine, che aveva offerto due belle prestazioni. Avevamo trovato una dimensione e ora dobbiamo stravolgere tutto. Non ci fa piacere, anche perch\u00e9 ci sono anche degli infortuni con cui fare i conti\u201d. Modica chiede una mano d\u2019aiuto al pubblico: \u201cSperiamo di avere un po\u2019 pi\u00f9 di gente sugli spalti, purtroppo in tanti si sono allontanati e disamorati. Migliorini verr\u00e0 in panchina solo per onor di firma, purtroppo non sta bene. Bettini in questo momento non \u00e8 con noi. Si \u00e8 autosospeso dallo stipendio ed \u00e8 rientrato a casa fino a quando non recuperer\u00e0. Lo ringraziamo perch\u00e9 ha dimostrato il suo valore, anche dal punto di vista etico e morale. Speriamo di riaverlo a disposizione nelle ultime sei o sette giornate, lo aspetteremo. Ha la mia stima e la mia attenzione\u201d.<\/em><\/p>\n","protected":false},"excerpt":{"rendered":"<p>Il pareggio di Gela ha lasciato parecchio amaro in bocca soprattutto per il discusso postgara, ma adesso serve tornare al successo a partire dal match interno contro la Gelbison.. Giacomo Modica per\u00f2 dovr\u00e0 fare a meno di parecchi elementi, a partire da Inzoudine fermato per ben 5 turni dal giudice sportivo. L\u2019emergenza difesa infatti fa [&hellip;]<\/p>\n","protected":false},"author":1,"featured_media":12343,"comment_status":"closed","ping_status":"open","sticky":false,"template":"","format":"standard","meta":{"ub_ctt_via":"","_mi_skip_tracking":false},"categories":[10],"tags":[],"featured_image_src":"https:\/\/www.messinaoggi.it\/website\/wp-content\/uploads\/2017\/12\/modica.jpg","author_info":{"display_name":"admin@admin.com","author_link":"https:\/\/www.messinaoggi.it\/website\/author\/adminadmin-com\/"},"digistream_id":0,"digistream":false,"_links":{"self":[{"href":"https:\/\/www.messinaoggi.it\/website\/wp-json\/wp\/v2\/posts\/15159"}],"collection":[{"href":"https:\/\/www.messinaoggi.it\/website\/wp-json\/wp\/v2\/posts"}],"about":[{"href":"https:\/\/www.messinaoggi.it\/website\/wp-json\/wp\/v2\/types\/post"}],"author":[{"embeddable":true,"href":"https:\/\/www.messinaoggi.it\/website\/wp-json\/wp\/v2\/users\/1"}],"replies":[{"embeddable":true,"href":"https:\/\/www.messinaoggi.it\/website\/wp-json\/wp\/v2\/comments?post=15159"}],"version-history":[{"count":0,"href":"https:\/\/www.messinaoggi.it\/website\/wp-json\/wp\/v2\/posts\/15159\/revisions"}],"wp:featuredmedia":[{"embeddable":true,"href":"https:\/\/www.messinaoggi.it\/website\/wp-json\/wp\/v2\/media\/12343"}],"wp:attachment":[{"href":"https:\/\/www.messinaoggi.it\/website\/wp-json\/wp\/v2\/media?parent=15159"}],"wp:term":[{"taxonomy":"category","embeddable":true,"href":"https:\/\/www.messinaoggi.it\/website\/wp-json\/wp\/v2\/categories?post=15159"},{"taxonomy":"post_tag","embeddable":true,"href":"https:\/\/www.messinaoggi.it\/website\/wp-json\/wp\/v2\/tags?post=15159"}],"curies":[{"name":"wp","href":"https:\/\/api.w.org\/{rel}","templated":true}]}}