{"id":15154,"date":"2018-02-03T16:42:48","date_gmt":"2018-02-03T15:42:48","guid":{"rendered":"http:\/\/www.messinaoggi.it\/website\/?p=15154"},"modified":"2018-02-03T16:42:48","modified_gmt":"2018-02-03T15:42:48","slug":"verso-le-politiche-civica-popolare-vuole-essere-il-cuore-del-centrosinistra","status":"publish","type":"post","link":"https:\/\/www.messinaoggi.it\/website\/2018\/02\/03\/verso-le-politiche-civica-popolare-vuole-essere-il-cuore-del-centrosinistra\/","title":{"rendered":"Verso le Politiche, Civica Popolare vuole essere il cuore del centrosinistra"},"content":{"rendered":"<p style=\"text-align: justify\">Non una semplice lista politica che si esaurir\u00e0 con il voto del 4 marzo, ma una forza che punta ad essere il cuore del centrosinistra che verr\u00e0. Civica Popolare con Beatrice Lorenzin presenta i prossimi candidati che puntano ad affermarsi nel collegio di Messina, con direzione Camera e Senato.<div id=\"div-gpt-ad-Messinaoggi.it-DSK-300x250-corpoart\" style=\"text-align:center;margin:0 auto;\"><\/div><\/p>\n<p style=\"text-align: justify\">Hanno voluto mostrare la loro vicinanza e il loro sostegno anche il capogruppo in Consiglio Comunale, Mario Rizzo, e i colleghi Franco Mondello e Mariella Perrone. Al plurinominale alla Camera presenti Liborio Porracciolo, attualmente sindaco di Mistretta, Elina Rizzo, il coordinatore provinciale dei Centristi per l\u2019Europa, Paolo Alibrandi, e Paola Barbera.<div id=\"videoincontent\" style=\"clear:both\";><\/div><\/p>\n<p style=\"text-align: justify\">Per il Senato, Sicilia occidentale collegio plurinominale, spazio all\u2019avvocato Mirella Petrisi, in Sicilia Orientale tutto sul sindaco di Lipari, Marco Giorgianni. Tornando alla Camera, al collegio uninominale, al collegio di Barcellona Pozzo di Gotto spazio a Natalia Cimino, consigliere comunale di Patti.<\/p>\n<p style=\"text-align: justify\">Una lista omogenea, molto attenta al rispetto del principio di territorialit\u00e0, come evidenziato da molti candidati oggi in conferenza stampa.A partire dalla stessa Mirella Petrisi: \u201c<em>Non ho mai ricoperto incarichi politici, da cattolica voglio dare il mio supporto. I cattolici non sono solo a destra, la nostra presenza lo conferma. Esprimo il mio assenso a un progetto vero e credibile, pu\u00f2 parlare alla pancia della gente o dicendo la verit\u00e0. L\u2019obiettivo principale \u00e8 quello di colmare il gap infrastrutturale, la costa dev\u2019essere collegata col centro. In quest\u2019ottica anche un aeroporto alternativo a Catania e Palermo pu\u00f2 essere utile\u201d. <\/em><\/p>\n<p style=\"text-align: justify\">Desideroso di giocarsi le proprie chance anche Liborio Porracciolo, che intervenuto sulla polemica che ha investito il suo vice, Vincenzo Oieni, che ha criticato il protocollo msso in piedi dal presidente del Parco dei Nebrodi, Giuseppe Antoci: \u201c<em>C\u2019\u00e8 tanto orgoglio personale in questa opportunit\u00e0 che mi \u00e8 stata concessa, non c\u2019\u00e8 solo l\u2019adesione ad un partito che cerca la sua identit\u00e0 in questo contesto molto particolare. Ho gi\u00e0 preso le distanze dal mio vicesindaco, quella frase non andava detta stiamo discutendo, ma le deleghe possono ritenersi nelle mie mani\u201d.<\/em><\/p>\n<p><strong>Foto Rocco Papandrea<\/strong><\/p>\n","protected":false},"excerpt":{"rendered":"<p>Non una semplice lista politica che si esaurir\u00e0 con il voto del 4 marzo, ma una forza che punta ad essere il cuore del centrosinistra che verr\u00e0. Civica Popolare con Beatrice Lorenzin presenta i prossimi candidati che puntano ad affermarsi nel collegio di Messina, con direzione Camera e Senato. Hanno voluto mostrare la loro vicinanza [&hellip;]<\/p>\n","protected":false},"author":1,"featured_media":15160,"comment_status":"closed","ping_status":"open","sticky":false,"template":"","format":"standard","meta":{"ub_ctt_via":"","_mi_skip_tracking":false},"categories":[6],"tags":[],"featured_image_src":"https:\/\/www.messinaoggi.it\/website\/wp-content\/uploads\/2018\/02\/candidati-civica-popolare-RRP_2085-1.jpg","author_info":{"display_name":"admin@admin.com","author_link":"https:\/\/www.messinaoggi.it\/website\/author\/adminadmin-com\/"},"digistream_id":0,"digistream":false,"_links":{"self":[{"href":"https:\/\/www.messinaoggi.it\/website\/wp-json\/wp\/v2\/posts\/15154"}],"collection":[{"href":"https:\/\/www.messinaoggi.it\/website\/wp-json\/wp\/v2\/posts"}],"about":[{"href":"https:\/\/www.messinaoggi.it\/website\/wp-json\/wp\/v2\/types\/post"}],"author":[{"embeddable":true,"href":"https:\/\/www.messinaoggi.it\/website\/wp-json\/wp\/v2\/users\/1"}],"replies":[{"embeddable":true,"href":"https:\/\/www.messinaoggi.it\/website\/wp-json\/wp\/v2\/comments?post=15154"}],"version-history":[{"count":0,"href":"https:\/\/www.messinaoggi.it\/website\/wp-json\/wp\/v2\/posts\/15154\/revisions"}],"wp:featuredmedia":[{"embeddable":true,"href":"https:\/\/www.messinaoggi.it\/website\/wp-json\/wp\/v2\/media\/15160"}],"wp:attachment":[{"href":"https:\/\/www.messinaoggi.it\/website\/wp-json\/wp\/v2\/media?parent=15154"}],"wp:term":[{"taxonomy":"category","embeddable":true,"href":"https:\/\/www.messinaoggi.it\/website\/wp-json\/wp\/v2\/categories?post=15154"},{"taxonomy":"post_tag","embeddable":true,"href":"https:\/\/www.messinaoggi.it\/website\/wp-json\/wp\/v2\/tags?post=15154"}],"curies":[{"name":"wp","href":"https:\/\/api.w.org\/{rel}","templated":true}]}}