{"id":151525,"date":"2023-04-18T11:43:06","date_gmt":"2023-04-18T09:43:06","guid":{"rendered":"http:\/\/www.messinaoggi.it\/website\/?p=151525"},"modified":"2023-04-18T11:43:09","modified_gmt":"2023-04-18T09:43:09","slug":"ponte-e-liberta-sabato-a-cairoli-la-prima-uscita","status":"publish","type":"post","link":"https:\/\/www.messinaoggi.it\/website\/2023\/04\/18\/ponte-e-liberta-sabato-a-cairoli-la-prima-uscita\/","title":{"rendered":"&#8220;Ponte e Libert\u00e0&#8221;, sabato a Cairoli la prima uscita"},"content":{"rendered":"\n<p>Scelta  Messina per la prima uscita ufficiale il Comitato\u00a0<em>Ponte<\/em>\u00a0e Libert\u00e0, associazione nazionale fondata a Roma dal senatore siciliano della Lega Nino German\u00e0 e dagli ingegneri Giacomo Guglielmo, senior consultant della PA, e Mauro Fileccia, manager di multinazionali, esperto energia e trasporti, e senior consultant logistica. <div id=\"div-gpt-ad-Messinaoggi.it-DSK-300x250-corpoart\" style=\"text-align:center;margin:0 auto;\"><\/div><\/p>\n\n\n\n<p>L\u2019appuntamento \u00e8 per sabato 22 aprile alle 10 a piazza Cairoli, per sottoscrivere l\u2019adesione all\u2019iniziativa.<br>\u201c<em>La partecipazione dei messinesi \u00e8 fondamentale -commenta German\u00e0- e li<br>aspettiamo numerosi. Abbiamo fondato il Comitato\u00a0Ponte\u00a0e Libert\u00e0 perch\u00e9<br>ci siamo resi conto della necessit\u00e0 di sfatare le fake news rispetto<br>alla costruzione del\u00a0ponte\u00a0sullo Stretto. Un\u2019opera fondamentale per<br>l\u2019economia del Mezzogiorno, per il miglioramento della rete ferroviaria<br>in Sicilia e per il trasporto di uomini e merci. Il ministro delle<br>Infrastrutture Matteo Salvini ha ben compreso la valenza dell\u2019opera, ne<br>\u00e8 diventato lo sponsor principale con l\u2019Unione Europea e gi\u00e0 si vedono i<br>primi risultati. Sabato saremo a piazza Cairoli fino alle 13 per<br>spiegare, chiarire e condividere questa battaglia importantissima non<br>solo per Messina, ma anche per la Sicilia e il Sud<\/em>\u201d.<div id=\"videoincontent\" style=\"clear:both\";><\/div><\/p>\n","protected":false},"excerpt":{"rendered":"<p>Scelta Messina per la prima uscita ufficiale il Comitato\u00a0Ponte\u00a0e Libert\u00e0, associazione nazionale fondata a Roma dal senatore siciliano della Lega Nino German\u00e0 e dagli ingegneri Giacomo Guglielmo, senior consultant della PA, e Mauro Fileccia, manager di multinazionali, esperto energia e trasporti, e senior consultant logistica. L\u2019appuntamento \u00e8 per sabato 22 aprile alle 10 a piazza [&hellip;]<\/p>\n","protected":false},"author":2,"featured_media":151538,"comment_status":"open","ping_status":"open","sticky":false,"template":"","format":"standard","meta":{"ub_ctt_via":"","_mi_skip_tracking":false},"categories":[5],"tags":[7522,129,7288,630],"featured_image_src":"https:\/\/www.messinaoggi.it\/website\/wp-content\/uploads\/2023\/04\/WhatsApp-Image-2023-04-17-at-18.40.41.jpg","author_info":{"display_name":"Redazione","author_link":"https:\/\/www.messinaoggi.it\/website\/author\/redazione\/"},"digistream_id":0,"digistream":false,"_links":{"self":[{"href":"https:\/\/www.messinaoggi.it\/website\/wp-json\/wp\/v2\/posts\/151525"}],"collection":[{"href":"https:\/\/www.messinaoggi.it\/website\/wp-json\/wp\/v2\/posts"}],"about":[{"href":"https:\/\/www.messinaoggi.it\/website\/wp-json\/wp\/v2\/types\/post"}],"author":[{"embeddable":true,"href":"https:\/\/www.messinaoggi.it\/website\/wp-json\/wp\/v2\/users\/2"}],"replies":[{"embeddable":true,"href":"https:\/\/www.messinaoggi.it\/website\/wp-json\/wp\/v2\/comments?post=151525"}],"version-history":[{"count":1,"href":"https:\/\/www.messinaoggi.it\/website\/wp-json\/wp\/v2\/posts\/151525\/revisions"}],"predecessor-version":[{"id":151539,"href":"https:\/\/www.messinaoggi.it\/website\/wp-json\/wp\/v2\/posts\/151525\/revisions\/151539"}],"wp:featuredmedia":[{"embeddable":true,"href":"https:\/\/www.messinaoggi.it\/website\/wp-json\/wp\/v2\/media\/151538"}],"wp:attachment":[{"href":"https:\/\/www.messinaoggi.it\/website\/wp-json\/wp\/v2\/media?parent=151525"}],"wp:term":[{"taxonomy":"category","embeddable":true,"href":"https:\/\/www.messinaoggi.it\/website\/wp-json\/wp\/v2\/categories?post=151525"},{"taxonomy":"post_tag","embeddable":true,"href":"https:\/\/www.messinaoggi.it\/website\/wp-json\/wp\/v2\/tags?post=151525"}],"curies":[{"name":"wp","href":"https:\/\/api.w.org\/{rel}","templated":true}]}}