{"id":151406,"date":"2023-04-17T13:53:54","date_gmt":"2023-04-17T11:53:54","guid":{"rendered":"http:\/\/www.messinaoggi.it\/website\/?p=151406"},"modified":"2023-04-17T13:53:55","modified_gmt":"2023-04-17T11:53:55","slug":"assessore-caruso-incontra-iii-municipalita-i-temi-trattati","status":"publish","type":"post","link":"https:\/\/www.messinaoggi.it\/website\/2023\/04\/17\/assessore-caruso-incontra-iii-municipalita-i-temi-trattati\/","title":{"rendered":"Assessore Caruso incontra III Municipalit\u00e0, i temi trattati"},"content":{"rendered":"\n<p>In data odierna la Terza Commissione Consiliare della Terza Municipalit\u00e0 presieduta dal Vice Presidente <strong>Giuseppe Coglitore<\/strong> ha incontrato l&#8217;Assessore alla Cultura, <strong>Enzo Caruso.<\/strong><div id=\"div-gpt-ad-Messinaoggi.it-DSK-300x250-corpoart\" style=\"text-align:center;margin:0 auto;\"><\/div><\/p>\n\n\n\n<p><br>Dopo i saluti istituzionali ed i ringraziamenti all&#8217;Assessore per la sua presenza sono stati trattati dall&#8217; intera commissione diversi temi.<br><br>Da quello che \u00e8 emerso, ad oggi, a parte un protocollo che il Comune di Messina ha stilato con l&#8217;Agenzia del Demanio dello Stato non sembrano esserci particolari novit\u00e0. L&#8217;Assessore ha comunque rassicurato la Terza Municipalit\u00e0 che l&#8217;ex Polveriera di Bisconte \u00e8 attenzionata.<br><br>La Municipalit\u00e0 ha incontrato nei giorni scorsi un&#8217;esponente della Cooperativa che gestisce il Forte Petrazza e nei prossimi giorni il Consiglio dovrebbe recarsi al Forte per un&#8217;incontro e per valutare la fattibilit\u00e0 di eventi che possano garantire quel decentramento culturale e sociale a cui la Terza Municipalit\u00e0 punta, oltre quello amministrativo.<br>L&#8217;Assessore Caruso ha garantito che si far\u00e0 da tramite tra la Municipalit\u00e0 e la realt\u00e0 che gestisce il Forte in modo tale da creare una sinergia ed una comunione di intenti.<div id=\"videoincontent\" style=\"clear:both\";><\/div><\/p>\n\n\n\n<p><br><br>Sarebbe certamente qualcosa di importante ed anche un riscatto per un territorio spesso problematico come quello della Terza Municipalit\u00e0, rivalutare, anche attraverso l&#8217;illuminazione l&#8217;ex ponte della ferrovia di Camaro.<br><br>La Terza Municipalit\u00e0 ha rappresentato all&#8217;Assessore la necessit\u00e0 di rivalutare Mata e Grifone, che danno nome anche alla stessa Municipalit\u00e0, attraverso un&#8217;esposizione di tutto l&#8217;anno dei Giganti e non solo per poche settimane in estate.<br>L&#8217;Assessore ha dato la sua disponibilit\u00e0 a valutare la questione.<br><br>Altro tema quello del Cimitero monumentale. L&#8217;Assessore ha fatto sapere che \u00e8 stata fatta richiesta di risorse pubbliche.<\/p>\n\n\n\n<p><br>Il Consiglio sta portando avanti con diverse Istituzioni locali, scolastiche ed Associazioni, il progetto &#8220;Di bellezza si vive&#8221; che mira a valorizzare il sentiero che la chiesa di Bisconte conduce alla Madonnuzza.<br>Altri aspetti trattati, creare momenti di cultura nel territorio della Terza Municipalit\u00e0.<\/p>\n\n\n\n<p><br>E poi rimane in piedi un&#8217;idea che la Terza Municipalit\u00e0 cercher\u00e0 di portare avanti: la giornata della Cultura della Terza Municipalit\u00e0.<\/p>\n\n\n\n<p><br>&#8220;Abbiamo sicuramente apprezzato il garbo e la disponibilit\u00e0 dell&#8217;Assessore Caruso, auspicando di poter realizzare quanti pi\u00f9 obiettivi possibili&#8221; hanno affermato a margine i consiglieri della municipalit\u00e0.<\/p>\n","protected":false},"excerpt":{"rendered":"<p>In data odierna la Terza Commissione Consiliare della Terza Municipalit\u00e0 presieduta dal Vice Presidente Giuseppe Coglitore ha incontrato l&#8217;Assessore alla Cultura, Enzo Caruso. Dopo i saluti istituzionali ed i ringraziamenti all&#8217;Assessore per la sua presenza sono stati trattati dall&#8217; intera commissione diversi temi. Da quello che \u00e8 emerso, ad oggi, a parte un protocollo che [&hellip;]<\/p>\n","protected":false},"author":15,"featured_media":151407,"comment_status":"open","ping_status":"open","sticky":false,"template":"","format":"standard","meta":{"ub_ctt_via":"","_mi_skip_tracking":false},"categories":[6],"tags":[1165,5828,5829],"featured_image_src":"https:\/\/www.messinaoggi.it\/website\/wp-content\/uploads\/2023\/04\/Terza-Municipalita-Caruso.jpeg","author_info":{"display_name":"red.me","author_link":"https:\/\/www.messinaoggi.it\/website\/author\/red-me\/"},"digistream_id":0,"digistream":false,"_links":{"self":[{"href":"https:\/\/www.messinaoggi.it\/website\/wp-json\/wp\/v2\/posts\/151406"}],"collection":[{"href":"https:\/\/www.messinaoggi.it\/website\/wp-json\/wp\/v2\/posts"}],"about":[{"href":"https:\/\/www.messinaoggi.it\/website\/wp-json\/wp\/v2\/types\/post"}],"author":[{"embeddable":true,"href":"https:\/\/www.messinaoggi.it\/website\/wp-json\/wp\/v2\/users\/15"}],"replies":[{"embeddable":true,"href":"https:\/\/www.messinaoggi.it\/website\/wp-json\/wp\/v2\/comments?post=151406"}],"version-history":[{"count":1,"href":"https:\/\/www.messinaoggi.it\/website\/wp-json\/wp\/v2\/posts\/151406\/revisions"}],"predecessor-version":[{"id":151409,"href":"https:\/\/www.messinaoggi.it\/website\/wp-json\/wp\/v2\/posts\/151406\/revisions\/151409"}],"wp:featuredmedia":[{"embeddable":true,"href":"https:\/\/www.messinaoggi.it\/website\/wp-json\/wp\/v2\/media\/151407"}],"wp:attachment":[{"href":"https:\/\/www.messinaoggi.it\/website\/wp-json\/wp\/v2\/media?parent=151406"}],"wp:term":[{"taxonomy":"category","embeddable":true,"href":"https:\/\/www.messinaoggi.it\/website\/wp-json\/wp\/v2\/categories?post=151406"},{"taxonomy":"post_tag","embeddable":true,"href":"https:\/\/www.messinaoggi.it\/website\/wp-json\/wp\/v2\/tags?post=151406"}],"curies":[{"name":"wp","href":"https:\/\/api.w.org\/{rel}","templated":true}]}}