{"id":151362,"date":"2023-04-17T11:46:23","date_gmt":"2023-04-17T09:46:23","guid":{"rendered":"http:\/\/www.messinaoggi.it\/website\/?p=151362"},"modified":"2023-04-17T11:46:24","modified_gmt":"2023-04-17T09:46:24","slug":"una-via-dedicata-a-vincenzo-leanza","status":"publish","type":"post","link":"https:\/\/www.messinaoggi.it\/website\/2023\/04\/17\/una-via-dedicata-a-vincenzo-leanza\/","title":{"rendered":"Una via dedicata a Vincenzo Leanza"},"content":{"rendered":"\n<p>Una via dedicata nel centro urbano del paese. E&#8217; questo ci\u00f2 che \u00e8 stato deciso a San Fratello, in onore dell&#8217;Ex Presidente della Regione Sicilia <strong>Vincenzo Leanza.<\/strong> Si tratta della volont\u00e0 stabilita dal Sindaco <strong>Salvatore Sidoti Pinto. <\/strong>Sar\u00e0 dedicata al politico di Cesar\u00f2 l&#8217;attuale Via Milano, una delle due strade principali che attraversano la zona abitata del Comune. <div id=\"div-gpt-ad-Messinaoggi.it-DSK-300x250-corpoart\" style=\"text-align:center;margin:0 auto;\"><\/div><\/p>\n\n\n\n<p>\u201cMemori dell&#8217;impegno politico amministrativo e delle attenzioni riservate al comune di San Fratello dall&#8217;onorevole Leanza durante il suo lungo e proficuo mandato al governo della Regione nei diversi e prestigiosi ruoli di presidente, deputato ed assessore, per l&#8217;attaccamento alla cittadinanza e ritenuto di conservare nella storia di San fratello la memoria dell&#8217;operato di chi ha avuto a cuore il nostro paese dedicando allo stesso impegno, tempo ed energie\u201d<div id=\"videoincontent\" style=\"clear:both\";><\/div><\/p>\n\n\n\n<p>E&#8217; questo quello che si legge nelle motivazioni che hanno spinto la Giunta e il Sindaco a commemorare Leanza.<\/p>\n\n\n\n<figure class=\"wp-block-image size-large\"><img loading=\"lazy\" width=\"800\" height=\"1022\" src=\"http:\/\/www.messinaoggi.it\/website\/wp-content\/uploads\/2023\/04\/Vincenzo-Leanza-2.jpg\" alt=\"\" class=\"wp-image-151389\" srcset=\"https:\/\/www.messinaoggi.it\/website\/wp-content\/uploads\/2023\/04\/Vincenzo-Leanza-2.jpg 800w, https:\/\/www.messinaoggi.it\/website\/wp-content\/uploads\/2023\/04\/Vincenzo-Leanza-2-235x300.jpg 235w, https:\/\/www.messinaoggi.it\/website\/wp-content\/uploads\/2023\/04\/Vincenzo-Leanza-2-768x981.jpg 768w\" sizes=\"(max-width: 800px) 100vw, 800px\" \/><\/figure>\n\n\n\n<p>Esponente della Democrazia Cristiana, Vincenzo Leanza \u00e8 stato per decenni Sindaco del Comune di San Teodoro e vicesegretario provinciale della DC di Messina.<\/p>\n\n\n\n<p>Deputato all&#8217;Assemblea Regionale Siciliana, eletto nella circoscrizione provinciale di Messina, nell&#8217;ottava (1976-1981), nona (1981-1986), decima (1986-1991) ed undicesima (1991-1996) legislatura con la DC, nella dodicesima (1996-2001) con i Cristiani Democratici Uniti e nella tredicesima (2001-2004) nel listino con Forza Italia.<\/p>\n\n\n\n<p>Assessore regionale al Lavoro nei governi per quattro mandati, e all&#8217;Agricoltura per uno, nei governi presieduti da Rino Nicolosi.<\/p>\n\n\n\n<p>E&#8217; stato, come detto, Presidente della Regione Siciliana dal 12 agosto 1991 al 16 luglio 1992. Scioltasi la DC, fu riconfermato all&#8217;Ars nel 1996 con il CDU. Ader\u00ec nel 2000 a Forza Italia, e divenne di nuovo presidente della Regione,  dal 26 luglio 2000 al 17 luglio 2001.<\/p>\n\n\n\n<p>Nel 2001 fu ancora rieletto all&#8217;Ars, nel listino del presidente, in quota FI. Era presidente della Commissione speciale per la riforma dello Statuto dell&#8217;Ars, quando mor\u00ec nel 2004, all&#8217;et\u00e0 di 71 anni.<\/p>\n\n\n\n<p>E&#8217; tra l&#8217;altro anche il padre dell&#8217;attuale deputato regionale, On. <strong>Calogero Leanza, <\/strong>eletto nelle liste del Partito Democratico. <\/p>\n","protected":false},"excerpt":{"rendered":"<p>Una via dedicata nel centro urbano del paese. E&#8217; questo ci\u00f2 che \u00e8 stato deciso a San Fratello, in onore dell&#8217;Ex Presidente della Regione Sicilia Vincenzo Leanza. Si tratta della volont\u00e0 stabilita dal Sindaco Salvatore Sidoti Pinto. Sar\u00e0 dedicata al politico di Cesar\u00f2 l&#8217;attuale Via Milano, una delle due strade principali che attraversano la zona [&hellip;]<\/p>\n","protected":false},"author":123457,"featured_media":151390,"comment_status":"open","ping_status":"open","sticky":false,"template":"","format":"standard","meta":{"ub_ctt_via":"","_mi_skip_tracking":false},"categories":[13,18],"tags":[3300,799,7502,4553,7501],"featured_image_src":"https:\/\/www.messinaoggi.it\/website\/wp-content\/uploads\/2023\/04\/Vincenzo-Leanza.jpg","author_info":{"display_name":"Michele Bruno","author_link":"https:\/\/www.messinaoggi.it\/website\/author\/michele-bruno\/"},"digistream_id":0,"digistream":false,"_links":{"self":[{"href":"https:\/\/www.messinaoggi.it\/website\/wp-json\/wp\/v2\/posts\/151362"}],"collection":[{"href":"https:\/\/www.messinaoggi.it\/website\/wp-json\/wp\/v2\/posts"}],"about":[{"href":"https:\/\/www.messinaoggi.it\/website\/wp-json\/wp\/v2\/types\/post"}],"author":[{"embeddable":true,"href":"https:\/\/www.messinaoggi.it\/website\/wp-json\/wp\/v2\/users\/123457"}],"replies":[{"embeddable":true,"href":"https:\/\/www.messinaoggi.it\/website\/wp-json\/wp\/v2\/comments?post=151362"}],"version-history":[{"count":2,"href":"https:\/\/www.messinaoggi.it\/website\/wp-json\/wp\/v2\/posts\/151362\/revisions"}],"predecessor-version":[{"id":151391,"href":"https:\/\/www.messinaoggi.it\/website\/wp-json\/wp\/v2\/posts\/151362\/revisions\/151391"}],"wp:featuredmedia":[{"embeddable":true,"href":"https:\/\/www.messinaoggi.it\/website\/wp-json\/wp\/v2\/media\/151390"}],"wp:attachment":[{"href":"https:\/\/www.messinaoggi.it\/website\/wp-json\/wp\/v2\/media?parent=151362"}],"wp:term":[{"taxonomy":"category","embeddable":true,"href":"https:\/\/www.messinaoggi.it\/website\/wp-json\/wp\/v2\/categories?post=151362"},{"taxonomy":"post_tag","embeddable":true,"href":"https:\/\/www.messinaoggi.it\/website\/wp-json\/wp\/v2\/tags?post=151362"}],"curies":[{"name":"wp","href":"https:\/\/api.w.org\/{rel}","templated":true}]}}