{"id":151347,"date":"2023-04-17T10:49:03","date_gmt":"2023-04-17T08:49:03","guid":{"rendered":"http:\/\/www.messinaoggi.it\/website\/?p=151347"},"modified":"2023-04-17T10:49:43","modified_gmt":"2023-04-17T08:49:43","slug":"151347","status":"publish","type":"post","link":"https:\/\/www.messinaoggi.it\/website\/2023\/04\/17\/151347\/","title":{"rendered":"No Ponte Capo Peloro: assemblea a Torre Faro"},"content":{"rendered":"\n<p>Si \u00e8 tenuta ieri la riunione pubblica del comitato No ponte Capo Peloro a Torrefaro in via circuito.<div id=\"div-gpt-ad-Messinaoggi.it-DSK-300x250-corpoart\" style=\"text-align:center;margin:0 auto;\"><\/div><\/p>\n\n\n\n<p>\u00c8 vero che si rischia il prosciugamento del lago di Ganzirri? Il cimitero Granatari sar\u00e0 accessibile? Casa nostra rischia di essere espropriata?<br>Sono queste le domande poste oggi pomeriggio da un centinaio di cittadine\/i in occasione della riunione pubblica del No ponte Capo Peloro tenutasi in via Circuito a Torrefaro ed a cui i componenti del comitato hanno cercato di dare una risposta con carte e documenti alla mano, smentendo le bufale che tentano grottescamente di minimizzare l&#8217;impatto del ponte definito dai pontisti un&#8217;opera green.<div id=\"videoincontent\" style=\"clear:both\";><\/div><\/p>\n\n\n\n<p><br>&#8220;Siamo contro il mostro di cemento ed acciaio perch\u00e9 stravolgerebbe il nostro territorio e le nostre vite senza arrecare alcun vantaggio reale di alcun genere non solo a Capo Peloro ma in tutto il territorio cittadino&#8221;.<\/p>\n\n\n\n<p>Cos\u00ec hanno ribadito i componenti del comitato che, alternandosi al microfono, hanno evidenziato l&#8217;impatto devastante del cantiere del pilastro Sicilia del ponte e del viadotto Pantano sulla laguna di Capo Peloro lanciando l&#8217;allarme sul rischio di prosciugamento del lago di Ganzirri e sulla difficolt\u00e0 ad accedere al cimitero Granatari circondato dai cantieri.<br>Prossimi appuntamenti riunione a Ganzirri ed in varie zone della citt\u00e0 interessate dai 32 cantieri siciliani del ponte.<\/p>\n","protected":false},"excerpt":{"rendered":"<p>Si \u00e8 tenuta ieri la riunione pubblica del comitato No ponte Capo Peloro a Torrefaro in via circuito. \u00c8 vero che si rischia il prosciugamento del lago di Ganzirri? Il cimitero Granatari sar\u00e0 accessibile? Casa nostra rischia di essere espropriata?Sono queste le domande poste oggi pomeriggio da un centinaio di cittadine\/i in occasione della riunione [&hellip;]<\/p>\n","protected":false},"author":15,"featured_media":151348,"comment_status":"open","ping_status":"open","sticky":false,"template":"","format":"standard","meta":{"ub_ctt_via":"","_mi_skip_tracking":false},"categories":[6],"tags":[1917,6836,7208,630,1154],"featured_image_src":"https:\/\/www.messinaoggi.it\/website\/wp-content\/uploads\/2023\/04\/Assemblea-No-Ponte-Capo-Peloro.jpeg","author_info":{"display_name":"red.me","author_link":"https:\/\/www.messinaoggi.it\/website\/author\/red-me\/"},"digistream_id":0,"digistream":false,"_links":{"self":[{"href":"https:\/\/www.messinaoggi.it\/website\/wp-json\/wp\/v2\/posts\/151347"}],"collection":[{"href":"https:\/\/www.messinaoggi.it\/website\/wp-json\/wp\/v2\/posts"}],"about":[{"href":"https:\/\/www.messinaoggi.it\/website\/wp-json\/wp\/v2\/types\/post"}],"author":[{"embeddable":true,"href":"https:\/\/www.messinaoggi.it\/website\/wp-json\/wp\/v2\/users\/15"}],"replies":[{"embeddable":true,"href":"https:\/\/www.messinaoggi.it\/website\/wp-json\/wp\/v2\/comments?post=151347"}],"version-history":[{"count":2,"href":"https:\/\/www.messinaoggi.it\/website\/wp-json\/wp\/v2\/posts\/151347\/revisions"}],"predecessor-version":[{"id":151350,"href":"https:\/\/www.messinaoggi.it\/website\/wp-json\/wp\/v2\/posts\/151347\/revisions\/151350"}],"wp:featuredmedia":[{"embeddable":true,"href":"https:\/\/www.messinaoggi.it\/website\/wp-json\/wp\/v2\/media\/151348"}],"wp:attachment":[{"href":"https:\/\/www.messinaoggi.it\/website\/wp-json\/wp\/v2\/media?parent=151347"}],"wp:term":[{"taxonomy":"category","embeddable":true,"href":"https:\/\/www.messinaoggi.it\/website\/wp-json\/wp\/v2\/categories?post=151347"},{"taxonomy":"post_tag","embeddable":true,"href":"https:\/\/www.messinaoggi.it\/website\/wp-json\/wp\/v2\/tags?post=151347"}],"curies":[{"name":"wp","href":"https:\/\/api.w.org\/{rel}","templated":true}]}}