{"id":15134,"date":"2018-02-03T11:19:45","date_gmt":"2018-02-03T10:19:45","guid":{"rendered":"http:\/\/www.messinaoggi.it\/website\/?p=15134"},"modified":"2018-02-03T11:19:45","modified_gmt":"2018-02-03T10:19:45","slug":"i-nemici-del-cavaliere-di-gambale-in-unacireale-con-la-testa-al-carnevale","status":"publish","type":"post","link":"https:\/\/www.messinaoggi.it\/website\/2018\/02\/03\/i-nemici-del-cavaliere-di-gambale-in-unacireale-con-la-testa-al-carnevale\/","title":{"rendered":"&quot;I Nemici del Cavaliere&quot; di Gambale in un&#039;Acireale con la testa al Carnevale&#8230;"},"content":{"rendered":"<p lang=\"it-IT\">In un&#8217;Acireale piovosa e &#8220;distratta&#8221; dal Carnevale \u00e8 stato presentato &#8220;I Nemici del Cavaliere\u201d,\u00a0il libro di Davide Gambale, direttore editoriale di Messinaoggi.it che ha ripercorso le principali tappe storiche dell\u2019antiberlusconismo. Al centro del dibattito la figura di Silvio Berlusconi, personaggio controverso e carismatico, comunque sempre al centro della scena politica e giudiziaria.<div id=\"div-gpt-ad-Messinaoggi.it-DSK-300x250-corpoart\" style=\"text-align:center;margin:0 auto;\"><\/div><\/p>\n<p lang=\"it-IT\">Da oltre un ventennio (dalla nascita di Forza Italia), in molti hanno tentato di disarcionare dalla sella il Cavaliere di Arcore. Principali nemici o detrattori i giornalisti ed alcuni magistrati. Indipendentemente dall\u2019andamento altalenante della sua parabola politica, Berlusconi ha suscitato sempre l\u2019attenzione di molti, specie quando si \u00e8 trattato di attaccarlo. Un vero e proprio fenomeno politico-culturale quello dell\u2019antiberlusconismo (termine citato anche su Wikipedia), che ha messo in moto a pi\u00f9 riprese una rete politico-mediatico-giudiziaria.<div id=\"videoincontent\" style=\"clear:both\";><\/div><\/p>\n<p lang=\"it-IT\">Il volume \u00e8 stato presentato ieri pomeriggio al Comune di Acireale. Oltre all&#8217;autore Davide Gambale hanno preso parte all\u2019incontro, moderato da Tonino Demana e Salvo Fichera, l&#8217;on. Basilio Catanoso, deputato nazionale di Forza Italia ed Armando Siciliano, fondatore dell\u2019omonima casa editrice che si \u00e8 occupata della pubblicazione del volume.<\/p>\n<p lang=\"it-IT\"><img loading=\"lazy\" class=\"alignnone size-medium wp-image-15143\" src=\"http:\/\/www.messinaoggi.it\/website\/wp-content\/uploads\/2018\/02\/fichera-demana-catanoso-gambale-300x172.jpg\" alt=\"\" width=\"300\" height=\"172\" \/><\/p>\n<p lang=\"it-IT\">Nonostante l&#8217;invito, assente il sindaco di Acireale Roberto Barbagallo (Pd) alle prese con impegni istituzionali legati all&#8217;organizzazione del Carnevale sebbene fosse a pochi metri dalla sala stampa. Un breve saluto o una persona per rappresentare l&#8217;istituzione comunale sarebbe stato un gesto apprezzato, ma l&#8217;argomento in questione, probabilmente, ha indotto il primo cittadino acese a disertare l&#8217;incontro.<\/p>\n<p lang=\"it-IT\">Dopodich\u00e9 \u00e8 stato il turno di Salvo Fichera che ha letto alcuni stralci della prefazione di Renato Brunetta: \u201cVa messo in evidenza che non si tratta di un testo pro-Berlusconi, in quanto il fenomeno analizzato all\u2019interno del volume viene trattato con un approccio quasi scientifico, possiamo dire non lontano da quello adottato da uno storico.\u00a0Diversamente da quello che si potrebbe pensare, l\u2019antiberlusconismo qui analizzato non trova origine in un qualche esponente della Sinistra. A dare avvio a questa corrente di pensiero \u00e8 stato Indro Montanelli (fondatore ed ex direttore de il Giornale, le cui quote iniziarono a essere rilevate da Berlusconi a partire dal 1977, ndr), il quale \u00e8 stato il primo ad attaccare Berlusconi dopo aver deciso di abbandonare nel 1994 il quotidiano da lui fondato.<\/p>\n<p lang=\"it-IT\">Chiamato in causa da Tonino Demana, che ha chiesto il punto di vista dell&#8217;editore sul business legato all&#8217;antiberlusconismo, ha preso la parola Armando Siciliano:\u00a0\u201cNon provo particolari simpatie per Berlusconi \u2013 ha affermato \u2013 ma come editore ho sempre pensato che la parola vada data a tutti, purch\u00e9 si scriva in modo preciso e ben documentato, proprio come avviene nel caso del libro di Davide Gambale. Da qui la decisione di pubblicare questo volume, indipendentemente dalle posizioni politiche. Stessa cosa ho fatto con il libro di Cateno De Luca\u201d.<\/p>\n<p lang=\"it-IT\">Apprezzato l&#8217;intervento dell&#8217;on. Basilio Catanoso che ha passato alla berlina anni in cui Berlusconi \u00e8 stato praticamente messo alle corde da magistrati e giornalisti, attacchi che naturalmente hanno avuto effetti devastanti sull&#8217;umore e le scelte degli elettori. &#8220;Ma se passano gli anni, cambiano avversari e scenari politici e Berlusconi \u00e8 ancora in corsa vuol dire &#8211; ha specificato Catanoso &#8211; che qualcosa di buono ha fatto. In ogni caso resta un leader che anche in questa tornata elettorale far\u00e0 sentire il suo peso&#8221;.<\/p>\n<p lang=\"it-IT\">&#8220;Premetto che oggi si tende a generalizzare quando si parla del partito dei magistrati, e non \u00e8 quello che voglio fare perch\u00e9 in realt\u00e0 ci sono magistrati che svolgono onestamente il loro lavoro. Tuttavia, non possiamo accettare che l\u2019esito elettorale possa essere condizionato da fughe di notizie dalle procure &#8211; ha ribadito Davide Gambale &#8211;\u00a0la democrazia \u00e8 in forte pericolo, senza considerare il fatto che spesso il sistema mediale fa da cassa di risonanza a tutto questo, distruggendo politicamente e umanamente un uomo, senza che questo sia stato ancora giudicato in via definitiva.<\/p>\n<p lang=\"it-IT\">Anche la mafia attraverso Ciancimino junior, personaggio ambiguo e scarsamente attendibile, ha cercato di tirare in ballo Berlusconi, un attacco senza precedenti che mi \u00e8 sembrato doveroso documentare&#8221;.<\/p>\n<p lang=\"it-IT\">Ma il 4 marzo si avvicina ed il clima da tutti contro tutti in una tornata elettorale che si annuncia incerta potrebbe portare a nuovi attacchi a Berlusconi, Gambale non lo esclude ed \u00e8 gi\u00e0 pronto a prendere la penna per inserire nuovi capitoli nel suo libro: &#8220;I Nemici del Cavaliere&#8221;.<\/p>\n","protected":false},"excerpt":{"rendered":"<p>In un&#8217;Acireale piovosa e &#8220;distratta&#8221; dal Carnevale \u00e8 stato presentato &#8220;I Nemici del Cavaliere\u201d,\u00a0il libro di Davide Gambale, direttore editoriale di Messinaoggi.it che ha ripercorso le principali tappe storiche dell\u2019antiberlusconismo. Al centro del dibattito la figura di Silvio Berlusconi, personaggio controverso e carismatico, comunque sempre al centro della scena politica e giudiziaria. Da oltre un [&hellip;]<\/p>\n","protected":false},"author":2,"featured_media":13722,"comment_status":"closed","ping_status":"open","sticky":false,"template":"","format":"standard","meta":{"ub_ctt_via":"","_mi_skip_tracking":false},"categories":[11],"tags":[],"featured_image_src":"https:\/\/www.messinaoggi.it\/website\/wp-content\/uploads\/2017\/12\/libro-gambale-RRP_8990.jpg","author_info":{"display_name":"Redazione","author_link":"https:\/\/www.messinaoggi.it\/website\/author\/redazione\/"},"digistream_id":0,"digistream":false,"_links":{"self":[{"href":"https:\/\/www.messinaoggi.it\/website\/wp-json\/wp\/v2\/posts\/15134"}],"collection":[{"href":"https:\/\/www.messinaoggi.it\/website\/wp-json\/wp\/v2\/posts"}],"about":[{"href":"https:\/\/www.messinaoggi.it\/website\/wp-json\/wp\/v2\/types\/post"}],"author":[{"embeddable":true,"href":"https:\/\/www.messinaoggi.it\/website\/wp-json\/wp\/v2\/users\/2"}],"replies":[{"embeddable":true,"href":"https:\/\/www.messinaoggi.it\/website\/wp-json\/wp\/v2\/comments?post=15134"}],"version-history":[{"count":0,"href":"https:\/\/www.messinaoggi.it\/website\/wp-json\/wp\/v2\/posts\/15134\/revisions"}],"wp:featuredmedia":[{"embeddable":true,"href":"https:\/\/www.messinaoggi.it\/website\/wp-json\/wp\/v2\/media\/13722"}],"wp:attachment":[{"href":"https:\/\/www.messinaoggi.it\/website\/wp-json\/wp\/v2\/media?parent=15134"}],"wp:term":[{"taxonomy":"category","embeddable":true,"href":"https:\/\/www.messinaoggi.it\/website\/wp-json\/wp\/v2\/categories?post=15134"},{"taxonomy":"post_tag","embeddable":true,"href":"https:\/\/www.messinaoggi.it\/website\/wp-json\/wp\/v2\/tags?post=15134"}],"curies":[{"name":"wp","href":"https:\/\/api.w.org\/{rel}","templated":true}]}}