{"id":151334,"date":"2023-04-17T09:08:02","date_gmt":"2023-04-17T07:08:02","guid":{"rendered":"https:\/\/www.messinaoggi.it\/website\/2023\/04\/17\/abodi-razzismo-e-violenza-le-societa-devono-collaborare\/"},"modified":"2023-04-17T09:42:30","modified_gmt":"2023-04-17T07:42:30","slug":"abodi-razzismo-e-violenza-le-societa-devono-collaborare","status":"publish","type":"post","link":"https:\/\/www.messinaoggi.it\/website\/2023\/04\/17\/abodi-razzismo-e-violenza-le-societa-devono-collaborare\/","title":{"rendered":"Abodi \u201cRazzismo e violenza, le societ\u00e0 devono collaborare\u201d"},"content":{"rendered":"<div>ROMA (ITALPRESS) &#8211; &#8220;L&#8217;auspicio di tutti \u00e8 di arrivare a una situazione di normalit\u00e0 all&#8217;interno degli stadi, ma dipende anche dai nostri comportamenti e linguaggi, ognuno pu\u00f2 dare il suo contributo. Bisogna proseguire nell&#8217;opera che sta portando avanti con merito il ministro degli Interni Piantedosi. I club devono collaborare, cercando di mettere a disposizione filmati e indicando come indesiderati chi continua con questi cori razzisti e antisemiti. Fondamentali l&#8217;immediatezza dell&#8217;intervento e la decisione finale di tenerli fuori dagli stadi. Chi si comporta cos\u00ec non \u00e8 un tifoso, \u00e8 semplicemente un teppista&#8221;. Cos\u00ec Andrea Abodi, ministro per lo sport e per i giovani, ospite di Radio Anch&#8217;io Sport su Rai Radio 1. Fenomeni di violenza si sono spostati fuori dallo stadio, non \u00e8 pi\u00f9 un problema del mondo dello sport: &#8220;La violenza trova spunto anche nella mancanza di cultura e rispetto, vorrei che tutti insieme lavorassimo per riaffermare la supremazia del rispetto &#8211; ha proseguito Abodi &#8211; E&#8217; un tema anche culturale, ha bisogno di strategie di lungo periodo, dalla scuola alle agenzie educative. Resta il fatto che negli stadi ancora succedono troppe cose: ricordo quello che \u00e8 successo nella curva del Napoli qualche settimana fa. Ricordo lo scorso anno quando, per l&#8217;uccisione di un capo ultr\u00e0, viene fatta uscire tutta la curva. compresi bambini e famiglie. Il lavoro \u00e8 lungo, ma ovviamente non \u00e8 un tema sportivo, ma culturale-sociale. Tutti insieme dobbiamo dare il nostro contributo. Che questi episodi avvengano dentro lo stadio o in autostrada, in piazza o in una stazione ferroviaria il problema non cambia. Va affrontato con metodo e ho piena fiducia nella gestione dell&#8217;ordine pubblico&#8221;. Sul caso dell&#8217;ex arbitro Gavillucci, fatto fuori dopo aver sospeso Samp-Napoli per cori razzisti: &#8220;Non credo ci sia un collegamento. Il pensiero corre a quell&#8217;esperienza l\u00ec, ma cerchiamo di non dare significati che magari non hanno e voglio sperare che non ci siano. L&#8217;arbitro \u00e8 parte del sistema che deve cercare di contrastare ed \u00e8 al centro dei nostri pensieri. Ne approfitto per fare gli auguri di buon lavoro al neo-presidente Aia Pacifici&#8221;. Circa Calciopoli, Moggi dice aver spedito una chiavetta usb con tutte le intercettazioni anche ai vertici dello sport: &#8220;Se l&#8217;avessi ricevuta, l&#8217;avrei detto e l&#8217;avrei trasmessa all&#8217;autorit\u00e0 giudiziaria. Non ho ricevuto alcuna chiavetta, voglio dirlo forte e chiaro. Se vogliamo ripartire anche con una rivisitazione di ci\u00f2 che \u00e8 stato, dovemmo partire prima di tutto dalla verit\u00e0 dei fatti&#8221;. Capitolo Olimpiadi 2026 e tempistica lavori: &#8220;Il presidente del Cio Bach \u00e8 quotidianamente informato. La metodologia di lavoro condivisa col Cio consente a Bach di essere aggiornato sulle attivit\u00e0 sia della fondazione Milano-Cortina sia della societ\u00e0 infrastrutture Milano-Cortina. Le strutture saranno meravigliose. Col presidente si parler\u00e0 soprattutto di geopolitica e del rapporto tra sport e la drammatica attualit\u00e0 della guerra&#8221;. Abodi torna anche sul dilemma circa gli atleti russi e bielorussi: &#8220;Escluderli o farli partecipare come neutri? Un mese e mezzo fa ho firmato una dichiarazione sottoscritta da tutti i ministri dello sport europei e anche da rappresentanti dello sport di Stati Uniti, Canada, Australia e Giappone che prendeva una decisione sulla difficolt\u00e0 di accettare atleti russi e bielorussi in assenza di un benestare da parte del governo ucraino. Stiamo perdendo, mi auguro non definitivamente, la possibilit\u00e0 di fare in modo che lo sport rimanga un corridoio diplomatico. Questo \u00e8 un momento nel quale la compattezza del supporto dall&#8217;Ucraina purtroppo coinvolge anche lo sport. Per fortuna alle Olimpiadi manca ancora pi\u00f9 di un anno, l&#8217;augurio di tutti \u00e8 che si riaffermi la supremazia della pace&#8221;. Questione stadi: &#8220;Gli Europei 2032 che verranno assegnati a ottobre sono una grande opportunit\u00e0. Sembrano fatti per noi, mancano nove anni. I nostri tempi nel costruire gli stadi li sappiamo: dobbiamo cercare di semplificare la costituzione del comitato interministeriale proprio a supporto degli Europei e per rafforzare la candidatura. In pi\u00f9 abbiamo costituito una cabina di regia sui dieci stadi pi\u00f9 uno (Palermo, ndr) coinvolti per gli Europei. C&#8217;\u00e8 lavoro da fare e non c&#8217;\u00e8 tempo da perdere&#8221;. Abodi, infine, si esprime sulla penalizzazione sportiva e sui suoi tempi: &#8220;Abbiamo bisogno di chiarezza, non \u00e8 una tema di maglia. Si rischia di trasferire la dimensione della giustizia sportiva e ordinaria a una semplice partita di calcio, dove ci sono due squadre contrapposte. Invece dobbiamo essere tutti dalla stessa parte. L&#8217;importante \u00e8 chiarezza e trasparenza, perch\u00e8 l&#8217;opinione pubblica possa comprendere e uguale metro per tutti&#8221;.<br \/>&#8211; Foto Image &#8211;<br \/>(ITALPRESS).<\/div>\n<div id=\"div-gpt-ad-Messinaoggi.it-DSK-300x250-corpoart\" style=\"text-align:center;margin:0 auto;\"><\/div><\/p><div id=\"videoincontent\" style=\"clear:both\";><\/div>","protected":false},"excerpt":{"rendered":"<p>ROMA (ITALPRESS) &#8211; &#8220;L&#8217;auspicio di tutti \u00e8 di arrivare a una situazione di normalit\u00e0 all&#8217;interno degli stadi, ma dipende anche dai nostri comportamenti e linguaggi, ognuno pu\u00f2 dare il suo contributo. Bisogna proseguire nell&#8217;opera che sta portando avanti con merito il ministro degli Interni Piantedosi. I club devono collaborare, cercando di mettere a disposizione filmati [&hellip;]<\/p>\n","protected":false},"author":18,"featured_media":151335,"comment_status":"closed","ping_status":"closed","sticky":false,"template":"","format":"standard","meta":{"ub_ctt_via":"","_mi_skip_tracking":false},"categories":[446,6],"tags":[783],"featured_image_src":"https:\/\/www.messinaoggi.it\/website\/wp-content\/uploads\/2023\/04\/20230417_0153.jpg","author_info":{"display_name":"Admin","author_link":"https:\/\/www.messinaoggi.it\/website\/author\/admin\/"},"digistream_id":0,"digistream":false,"_links":{"self":[{"href":"https:\/\/www.messinaoggi.it\/website\/wp-json\/wp\/v2\/posts\/151334"}],"collection":[{"href":"https:\/\/www.messinaoggi.it\/website\/wp-json\/wp\/v2\/posts"}],"about":[{"href":"https:\/\/www.messinaoggi.it\/website\/wp-json\/wp\/v2\/types\/post"}],"author":[{"embeddable":true,"href":"https:\/\/www.messinaoggi.it\/website\/wp-json\/wp\/v2\/users\/18"}],"replies":[{"embeddable":true,"href":"https:\/\/www.messinaoggi.it\/website\/wp-json\/wp\/v2\/comments?post=151334"}],"version-history":[{"count":1,"href":"https:\/\/www.messinaoggi.it\/website\/wp-json\/wp\/v2\/posts\/151334\/revisions"}],"predecessor-version":[{"id":151336,"href":"https:\/\/www.messinaoggi.it\/website\/wp-json\/wp\/v2\/posts\/151334\/revisions\/151336"}],"wp:featuredmedia":[{"embeddable":true,"href":"https:\/\/www.messinaoggi.it\/website\/wp-json\/wp\/v2\/media\/151335"}],"wp:attachment":[{"href":"https:\/\/www.messinaoggi.it\/website\/wp-json\/wp\/v2\/media?parent=151334"}],"wp:term":[{"taxonomy":"category","embeddable":true,"href":"https:\/\/www.messinaoggi.it\/website\/wp-json\/wp\/v2\/categories?post=151334"},{"taxonomy":"post_tag","embeddable":true,"href":"https:\/\/www.messinaoggi.it\/website\/wp-json\/wp\/v2\/tags?post=151334"}],"curies":[{"name":"wp","href":"https:\/\/api.w.org\/{rel}","templated":true}]}}