{"id":151211,"date":"2023-04-16T10:57:30","date_gmt":"2023-04-16T08:57:30","guid":{"rendered":"http:\/\/www.messinaoggi.it\/website\/?p=151211"},"modified":"2023-04-16T10:57:31","modified_gmt":"2023-04-16T08:57:31","slug":"suggestioni-il-ponte-nella-ricostruzione-by-night","status":"publish","type":"post","link":"https:\/\/www.messinaoggi.it\/website\/2023\/04\/16\/suggestioni-il-ponte-nella-ricostruzione-by-night\/","title":{"rendered":"SUGGESTIONI. Il ponte nella ricostruzione &#8220;by night&#8221;"},"content":{"rendered":"\n<p>Suggestioni e sogni. Ecco come sarebbe, nella ricostruzione elaborata dall&#8217;ing. Peppe Palamara (curatore della rubrica &#8220;Finestra sul Ponte&#8221;, il ponte sullo Stretto di Messina di notte.<div id=\"div-gpt-ad-Messinaoggi.it-DSK-300x250-corpoart\" style=\"text-align:center;margin:0 auto;\"><\/div><\/p>\n\n\n\n<p>Una versione alquanto suggestiva che autorizza i &#8220;Si-ponte&#8221; a sognare. L&#8217;immagine esclusiva \u00e8 una ricostruzione di quello che potrebbe essere il &#8220;colpo d&#8217;occhio&#8221;, ben visibile dalle sue sponde dello Stretto.<div id=\"videoincontent\" style=\"clear:both\";><\/div><\/p>\n\n\n\n<p>Suggestioni e sogni viaggiano su due binari paralleli e, nelle intenzioni del governo-Moleni, potrebbero tradursi in realt\u00e0. Il ministro Matteo Salvini sull&#8217;argomento Ponte ha deciso di &#8220;giocarsi&#8221; il suo futuro politico, e solo cos\u00ec si spiega la pervicacia che lo anima.<\/p>\n\n\n\n<p>C&#8217;\u00e8 gi\u00e0 una data certa per l&#8217;inizio, quello vero, dei lavori: ovvero giugno 2024. Insomma, fra poco pi\u00f9 di un anno dovrebbero essere aperti i primi cantieri per la realizzazione di una opera di portata mondiale. Il Ponte di Messina sar\u00e0 uno dei pi\u00f9 lunghi al mondo.<\/p>\n\n\n\n<p>Intanto, i sognatori possono godersi questa immagine suggestiva&#8230;<\/p>\n","protected":false},"excerpt":{"rendered":"<p>Suggestioni e sogni. Ecco come sarebbe, nella ricostruzione elaborata dall&#8217;ing. Peppe Palamara (curatore della rubrica &#8220;Finestra sul Ponte&#8221;, il ponte sullo Stretto di Messina di notte. Una versione alquanto suggestiva che autorizza i &#8220;Si-ponte&#8221; a sognare. L&#8217;immagine esclusiva \u00e8 una ricostruzione di quello che potrebbe essere il &#8220;colpo d&#8217;occhio&#8221;, ben visibile dalle sue sponde dello [&hellip;]<\/p>\n","protected":false},"author":2,"featured_media":151212,"comment_status":"open","ping_status":"open","sticky":false,"template":"","format":"standard","meta":{"ub_ctt_via":"","_mi_skip_tracking":false},"categories":[19],"tags":[7347,1058,1035,7349,7298,7484,7483],"featured_image_src":"https:\/\/www.messinaoggi.it\/website\/wp-content\/uploads\/2023\/04\/Ponte-Stretto-notte.jpg","author_info":{"display_name":"Redazione","author_link":"https:\/\/www.messinaoggi.it\/website\/author\/redazione\/"},"digistream_id":0,"digistream":false,"_links":{"self":[{"href":"https:\/\/www.messinaoggi.it\/website\/wp-json\/wp\/v2\/posts\/151211"}],"collection":[{"href":"https:\/\/www.messinaoggi.it\/website\/wp-json\/wp\/v2\/posts"}],"about":[{"href":"https:\/\/www.messinaoggi.it\/website\/wp-json\/wp\/v2\/types\/post"}],"author":[{"embeddable":true,"href":"https:\/\/www.messinaoggi.it\/website\/wp-json\/wp\/v2\/users\/2"}],"replies":[{"embeddable":true,"href":"https:\/\/www.messinaoggi.it\/website\/wp-json\/wp\/v2\/comments?post=151211"}],"version-history":[{"count":2,"href":"https:\/\/www.messinaoggi.it\/website\/wp-json\/wp\/v2\/posts\/151211\/revisions"}],"predecessor-version":[{"id":151217,"href":"https:\/\/www.messinaoggi.it\/website\/wp-json\/wp\/v2\/posts\/151211\/revisions\/151217"}],"wp:featuredmedia":[{"embeddable":true,"href":"https:\/\/www.messinaoggi.it\/website\/wp-json\/wp\/v2\/media\/151212"}],"wp:attachment":[{"href":"https:\/\/www.messinaoggi.it\/website\/wp-json\/wp\/v2\/media?parent=151211"}],"wp:term":[{"taxonomy":"category","embeddable":true,"href":"https:\/\/www.messinaoggi.it\/website\/wp-json\/wp\/v2\/categories?post=151211"},{"taxonomy":"post_tag","embeddable":true,"href":"https:\/\/www.messinaoggi.it\/website\/wp-json\/wp\/v2\/tags?post=151211"}],"curies":[{"name":"wp","href":"https:\/\/api.w.org\/{rel}","templated":true}]}}