{"id":151146,"date":"2023-04-15T13:07:57","date_gmt":"2023-04-15T11:07:57","guid":{"rendered":"https:\/\/www.messinaoggi.it\/website\/2023\/04\/15\/immigrazione-meloni-obiettivo-e-eliminazione-protezione-speciale\/"},"modified":"2023-04-15T16:38:06","modified_gmt":"2023-04-15T14:38:06","slug":"immigrazione-meloni-obiettivo-e-eliminazione-protezione-speciale","status":"publish","type":"post","link":"https:\/\/www.messinaoggi.it\/website\/2023\/04\/15\/immigrazione-meloni-obiettivo-e-eliminazione-protezione-speciale\/","title":{"rendered":"Immigrazione, Meloni \u201cObiettivo \u00e8 eliminazione protezione speciale\u201d"},"content":{"rendered":"<div>ROMA (ITALPRESS) &#8211; &#8220;Io ho come obiettivo l&#8217;eliminazione della protezione spaciale, perch\u00e8 \u00e8 una protezione ulteriore rispetto a quello che accade nel resto d&#8217;Europa e io credo che l&#8217;Italia non abbia ragione di discostarsi dalle normative europee di riferimento. C&#8217;era una proposta sul quale lavorava la maggioranza nel suo complesso e io confido che quell sia quella che viene approvata, perch\u00e8 non \u00e8 un tema sul quale ci sono in realt\u00e0 divergenze. E&#8217; una materia complessa e quindi \u00e8 normale che nel lavoro parlamentare escano diversi emendamenti, ma sugli obiettivi che ci diamo siamo tutti concordi&#8221; dice il presidente del Consiglio Giorgia Meloni nel punto stampa odierno durante la sua visita in Etiopia, riferendosi alla protezione speciale decisa dal governo sulla questione migranti. &#8220;Non ho sentito Salvini di recente &#8211; riferisce poi -. Avevano parlato qualche settimana fa di quest materia, per capire se lavorare come iniziativa di governo o come iniziativa parlamentare sulla modifica del provvedimento che quando abbiamo licenziato in Consiglio dei Ministri abbiamo detto che avremmo lavorato ulteriormente in aula e alla fine abbiamo scelto di far lavorare i gruppi parlamentari, per rispetto al parlamento, ma non c&#8217;\u00e8 divergenza sostanziale, c&#8217;\u00e8 la volont\u00e0 di lavorare insieme ed \u00e8 normale che vengano presentati diversi emendamenti e che poi si trovi una sintesi per capire qual \u00e8 la soluzione&#8221;. Per il Premier, poi, \u00e8 importante aiutare i paesi africani: &#8220;L&#8217;Africa \u00e8 assolutamente strategica e non soltanto perch\u00e8 noi siamo i vicini di casa e quindi tutto quello va bene da loro va bene anche da noi, cos\u00ec come tutto quello che va male in Africa si ripercuote su di noi&#8221; che poi sottolinea come &#8220;Questo non \u00e8 un continente povero, ma che in alcuni casi viene sfruttato o non ha gli strumenti per tirare fuori le proprie ricchezze del quale potrebbero vivere e prosperare. Noi abbiamo il problema dei flussi migratori e lo conosciamo bene. L&#8217;Etiopia oggi ospita  oltre un milione di rifugiati. Ovviamente se queste nazioni non vengono sostenute in questo lavoro strategico, a cascata i problemi arrivano da noi&#8221; dice. &#8220;Solo che l&#8217;Italia lo capisce di pi\u00f9 perch\u00e8 siamo quelli pi\u00f9 vicini in assoluto. Ma io comincio a vedere un cambio di percezione dell&#8217;errore che \u00e8 stato fatto nel momento in cui l&#8217;Europa indietreggiando ha favorito l&#8217;inserimento di altri attori che possono avere un approccio diverso la nostro, anche per questioni geografiche. Quindi il lavoro che io sto cercando di fare \u00e8 accendere i riflettori su queste necessit\u00e0. Poi l&#8217;Italia pu\u00f2 fare la prima fila di questo lavoro. Ma una cosa \u00e8 farlo come Italia &#8211; e noi lo stiamo facendo con il nostro piano Mattei -, e una cosa \u00e8 che lo faccia l&#8217;Europa nel suo complesso&#8221; conclude il premier.<div id=\"div-gpt-ad-Messinaoggi.it-DSK-300x250-corpoart\" style=\"text-align:center;margin:0 auto;\"><\/div><\/p>\n<p>Foto: agenziafotogramma.it<div id=\"videoincontent\" style=\"clear:both\";><\/div><\/p>\n<p>(ITALPRESS).<\/p><\/div>\n","protected":false},"excerpt":{"rendered":"<p>ROMA (ITALPRESS) &#8211; &#8220;Io ho come obiettivo l&#8217;eliminazione della protezione spaciale, perch\u00e8 \u00e8 una protezione ulteriore rispetto a quello che accade nel resto d&#8217;Europa e io credo che l&#8217;Italia non abbia ragione di discostarsi dalle normative europee di riferimento. C&#8217;era una proposta sul quale lavorava la maggioranza nel suo complesso e io confido che quell [&hellip;]<\/p>\n","protected":false},"author":18,"featured_media":151147,"comment_status":"closed","ping_status":"closed","sticky":false,"template":"","format":"standard","meta":{"ub_ctt_via":"","_mi_skip_tracking":false},"categories":[446,6],"tags":[783],"featured_image_src":"https:\/\/www.messinaoggi.it\/website\/wp-content\/uploads\/2023\/04\/20230415_0652.jpg","author_info":{"display_name":"Admin","author_link":"https:\/\/www.messinaoggi.it\/website\/author\/admin\/"},"digistream_id":0,"digistream":false,"_links":{"self":[{"href":"https:\/\/www.messinaoggi.it\/website\/wp-json\/wp\/v2\/posts\/151146"}],"collection":[{"href":"https:\/\/www.messinaoggi.it\/website\/wp-json\/wp\/v2\/posts"}],"about":[{"href":"https:\/\/www.messinaoggi.it\/website\/wp-json\/wp\/v2\/types\/post"}],"author":[{"embeddable":true,"href":"https:\/\/www.messinaoggi.it\/website\/wp-json\/wp\/v2\/users\/18"}],"replies":[{"embeddable":true,"href":"https:\/\/www.messinaoggi.it\/website\/wp-json\/wp\/v2\/comments?post=151146"}],"version-history":[{"count":1,"href":"https:\/\/www.messinaoggi.it\/website\/wp-json\/wp\/v2\/posts\/151146\/revisions"}],"predecessor-version":[{"id":151166,"href":"https:\/\/www.messinaoggi.it\/website\/wp-json\/wp\/v2\/posts\/151146\/revisions\/151166"}],"wp:featuredmedia":[{"embeddable":true,"href":"https:\/\/www.messinaoggi.it\/website\/wp-json\/wp\/v2\/media\/151147"}],"wp:attachment":[{"href":"https:\/\/www.messinaoggi.it\/website\/wp-json\/wp\/v2\/media?parent=151146"}],"wp:term":[{"taxonomy":"category","embeddable":true,"href":"https:\/\/www.messinaoggi.it\/website\/wp-json\/wp\/v2\/categories?post=151146"},{"taxonomy":"post_tag","embeddable":true,"href":"https:\/\/www.messinaoggi.it\/website\/wp-json\/wp\/v2\/tags?post=151146"}],"curies":[{"name":"wp","href":"https:\/\/api.w.org\/{rel}","templated":true}]}}